{"id":959,"date":"2009-06-30T07:39:00","date_gmt":"2009-06-30T05:39:00","guid":{"rendered":"http:\/\/www.heljesten.nu\/?p=959"},"modified":"2009-06-30T07:39:00","modified_gmt":"2009-06-30T05:39:00","slug":"fransk-dressin-cyclorail","status":"publish","type":"post","link":"http:\/\/www.heljesten.nu\/?p=959","title":{"rendered":"Fransk dressin &#8211; cyclorail"},"content":{"rendered":"<p>Ig\u00e5r var det ungdomarnas sista dag h\u00e4r och vi \u00e5kte iv\u00e4g f\u00f6r att \u00e5ka dressin, eller cyclorail som det kallas h\u00e4r. Egentligen hade vi t\u00e4nkt ta ett sp\u00e5r som gick p\u00e5 en kilometerl\u00e5ng bro \u00f6ver Loire, men den banan var fullbokad av en skolklass. Ist\u00e4llet fick vi tillg\u00e5ng till en ny bana lite l\u00e4ngre norrut och hade den i geng\u00e4ld alldeles f\u00f6r oss sj\u00e4lva.<br \/>Det var sommarens hittills varmaste dag p\u00e5 30 grader eller mer.<br \/>Vi trampade till en picnicplats d\u00e4r vi \u00e5t medhavd lunch och kokade kaffe p\u00e5 gasl\u00e5ga. Mysigt!<br \/>Vid picnicplatsen gick \u00e5n Oanne, som Kasper var intresserad av. Annars gillade han nog att \u00e5ka dressin, om det inte varit f\u00f6r att det luktade s\u00e5 himla gott \u00f6verallt av allt sm\u00e5vilt i trakten. Han pep mest hela tiden i sin iver att f\u00e5 hoppa av och nosa r\u00e4tt p\u00e5 det d\u00e4r intressanta. En g\u00e5ng s\u00e5g vi en typ iller hoppa \u00f6ver sp\u00e5ret framf\u00f6r oss och jag nejade Kasper rej\u00e4lt n\u00e4r han ville s\u00e4tta efter. Inte f\u00f6r att han kunde, f\u00f6r han var givetvis fast f\u00f6rankrad i dressinen, men mer f\u00f6r att f\u00f6rs\u00f6ka f\u00e5 in i den lilla skallen att s\u00e5nt \u00e4r vi inte intresserade av. Funkar? Nja, kanske inte s\u00e5d\u00e4r omedelbart, men man f\u00e5r ju passa p\u00e5 med de chanser man f\u00e5r&#8230;<br \/>N\u00e5gra km efter picnicplatsen v\u00e4nde vi tillbaka, tyckte vi anstr\u00e4ngt oss nog i v\u00e4rmen. Att v\u00e4nda detta ekipage var skojigt. I Sverige \u00e4r dressinerna tv\u00e5-personers och man v\u00e4nder dem ganska l\u00e4tt manuellt. De h\u00e4r var tyngre pj\u00e4ser och fyrapersoners &#8211; tv\u00e5 som cyklar och tv\u00e5 som sitter i en vilstol mittp\u00e5 &#8211; och ingen lek att f\u00f6rs\u00f6ka rubba manuellt.<br \/>Det medf\u00f6ljde en slags metallr\u00f6rskon som man st\u00e4ller p\u00e5 en tr\u00e4syll. Sedan lyfter man upp bakdelen p\u00e5 vagnen och rullar den bak\u00e5t tills konen \u00e4r mittunder vagnen. D\u00e4r finns ett f\u00e4ste som passar ovanp\u00e5 konen. Sedan balanserar man hela vagnen uppe p\u00e5 konen och snurrar runt den 180 grader. Man s\u00e4tter ned framhjulen p\u00e5 r\u00e4lsen och lyfter av bakdelen fr\u00e5n konen. Voil\u00e0!<br \/>Vad h\u00e4nder annars i den lilla byn?<br \/>I l\u00f6rdags hade man modellflygsuppvisning, det var 40-\u00e5rsjubileum f\u00f6r den lokala modellflygklubben. Imponerande duktiga var de att man\u00f6vrera planen \u00f6ver f\u00e4lten.<br \/>Och ig\u00e5r b\u00f6rjade man sk\u00f6rda vetet. Redan i slutet av juni, det k\u00e4nns konstigt. Full aktivitet  \u00e4r det nu p\u00e5 m\u00e5nga f\u00e4lt i trakten. Det ska bli intressant att se om vi hinner vara med om vad de g\u00f6r h\u00e4rn\u00e4st p\u00e5 \u00e5krarna. De l\u00e4r ju hinna med en sk\u00f6rd till, undrar bara vad? Har f\u00f6rresten sett ett \u00e4ppeltr\u00e4d i byn d\u00e4r \u00e4pplena b\u00f6rjar bli n\u00e4stan knytn\u00e4vsstora och gr\u00f6nr\u00f6da. Kanske dags att plocka dem om ett par veckor&#8230;<br \/><em>Bilder kommer som vanligt n\u00e5n g\u00e5ng fram\u00f6ver.<\/em><\/p>\n","protected":false},"excerpt":{"rendered":"<p>Ig\u00e5r var det ungdomarnas sista dag h\u00e4r och vi \u00e5kte iv\u00e4g f\u00f6r att \u00e5ka dressin, eller cyclorail som det kallas h\u00e4r. Egentligen hade vi t\u00e4nkt ta ett sp\u00e5r som gick p\u00e5 en kilometerl\u00e5ng bro \u00f6ver Loire, men den banan var fullbokad av en skolklass. Ist\u00e4llet fick vi tillg\u00e5ng till en ny bana lite l\u00e4ngre norrut [&hellip;]<\/p>\n","protected":false},"author":1,"featured_media":0,"comment_status":"open","ping_status":"open","sticky":false,"template":"","format":"standard","meta":[],"categories":[1],"tags":[],"_links":{"self":[{"href":"http:\/\/www.heljesten.nu\/index.php?rest_route=\/wp\/v2\/posts\/959"}],"collection":[{"href":"http:\/\/www.heljesten.nu\/index.php?rest_route=\/wp\/v2\/posts"}],"about":[{"href":"http:\/\/www.heljesten.nu\/index.php?rest_route=\/wp\/v2\/types\/post"}],"author":[{"embeddable":true,"href":"http:\/\/www.heljesten.nu\/index.php?rest_route=\/wp\/v2\/users\/1"}],"replies":[{"embeddable":true,"href":"http:\/\/www.heljesten.nu\/index.php?rest_route=%2Fwp%2Fv2%2Fcomments&post=959"}],"version-history":[{"count":0,"href":"http:\/\/www.heljesten.nu\/index.php?rest_route=\/wp\/v2\/posts\/959\/revisions"}],"wp:attachment":[{"href":"http:\/\/www.heljesten.nu\/index.php?rest_route=%2Fwp%2Fv2%2Fmedia&parent=959"}],"wp:term":[{"taxonomy":"category","embeddable":true,"href":"http:\/\/www.heljesten.nu\/index.php?rest_route=%2Fwp%2Fv2%2Fcategories&post=959"},{"taxonomy":"post_tag","embeddable":true,"href":"http:\/\/www.heljesten.nu\/index.php?rest_route=%2Fwp%2Fv2%2Ftags&post=959"}],"curies":[{"name":"wp","href":"https:\/\/api.w.org\/{rel}","templated":true}]}}