{"id":958,"date":"2009-07-01T08:17:00","date_gmt":"2009-07-01T06:17:00","guid":{"rendered":"http:\/\/www.heljesten.nu\/?p=958"},"modified":"2009-07-01T08:17:00","modified_gmt":"2009-07-01T06:17:00","slug":"ont","status":"publish","type":"post","link":"http:\/\/www.heljesten.nu\/?p=958","title":{"rendered":"Ont?"},"content":{"rendered":"<p>Idag \u00e4r Kasper inte i form. Han haltar lite l\u00e4tt p\u00e5 v\u00e4nster bak. N\u00e4r jag k\u00e4nner p\u00e5 honom s\u00e4ger han inget och vill inte peta undan mig, och det tolkar jag som att det inte g\u00f6r s\u00e5 j\u00e4tteont. Men g\u00e5 vill han inte.<br \/>Husse bar ner honom till gr\u00e4smattan, men d\u00e4r stod han bara, utan att ens passa p\u00e5 och kissa. Sen gick han till portalen och ville upp igen. Nu ligger han i f\u00e5t\u00f6ljen.<br \/>Han \u00e4r sp\u00e4nstig i skinnet, har \u00e4nnu inte tempat honom.<br \/>Jag undrar om han \u00e4r allm\u00e4nt avslagen av v\u00e4dret (varmt nu) eller om han str\u00e4ckt sig lite. F\u00f6r n\u00e5gra dagar sedan plockade jag en f\u00e4sting fr\u00e5n strax under svansen, hoppas den inte har med saken att g\u00f6ra&#8230;<br \/>Jag f\u00e5r ha koll p\u00e5 honom och se hur det utvecklas&#8230;<\/p>\n","protected":false},"excerpt":{"rendered":"<p>Idag \u00e4r Kasper inte i form. Han haltar lite l\u00e4tt p\u00e5 v\u00e4nster bak. N\u00e4r jag k\u00e4nner p\u00e5 honom s\u00e4ger han inget och vill inte peta undan mig, och det tolkar jag som att det inte g\u00f6r s\u00e5 j\u00e4tteont. Men g\u00e5 vill han inte.Husse bar ner honom till gr\u00e4smattan, men d\u00e4r stod han bara, utan att [&hellip;]<\/p>\n","protected":false},"author":1,"featured_media":0,"comment_status":"open","ping_status":"open","sticky":false,"template":"","format":"standard","meta":[],"categories":[1],"tags":[],"_links":{"self":[{"href":"http:\/\/www.heljesten.nu\/index.php?rest_route=\/wp\/v2\/posts\/958"}],"collection":[{"href":"http:\/\/www.heljesten.nu\/index.php?rest_route=\/wp\/v2\/posts"}],"about":[{"href":"http:\/\/www.heljesten.nu\/index.php?rest_route=\/wp\/v2\/types\/post"}],"author":[{"embeddable":true,"href":"http:\/\/www.heljesten.nu\/index.php?rest_route=\/wp\/v2\/users\/1"}],"replies":[{"embeddable":true,"href":"http:\/\/www.heljesten.nu\/index.php?rest_route=%2Fwp%2Fv2%2Fcomments&post=958"}],"version-history":[{"count":0,"href":"http:\/\/www.heljesten.nu\/index.php?rest_route=\/wp\/v2\/posts\/958\/revisions"}],"wp:attachment":[{"href":"http:\/\/www.heljesten.nu\/index.php?rest_route=%2Fwp%2Fv2%2Fmedia&parent=958"}],"wp:term":[{"taxonomy":"category","embeddable":true,"href":"http:\/\/www.heljesten.nu\/index.php?rest_route=%2Fwp%2Fv2%2Fcategories&post=958"},{"taxonomy":"post_tag","embeddable":true,"href":"http:\/\/www.heljesten.nu\/index.php?rest_route=%2Fwp%2Fv2%2Ftags&post=958"}],"curies":[{"name":"wp","href":"https:\/\/api.w.org\/{rel}","templated":true}]}}