{"id":951,"date":"2009-07-08T20:52:00","date_gmt":"2009-07-08T18:52:00","guid":{"rendered":"http:\/\/www.heljesten.nu\/?p=951"},"modified":"2009-07-08T20:52:00","modified_gmt":"2009-07-08T18:52:00","slug":"lite-bilddags-igen","status":"publish","type":"post","link":"http:\/\/www.heljesten.nu\/?p=951","title":{"rendered":"Lite bilddags igen"},"content":{"rendered":"<p><a href=\"http:\/\/4.bp.blogspot.com\/_GkK1i6dbjdc\/SlT6PumTNKI\/AAAAAAAABow\/QHy8NOOPcqk\/s1600-h\/2009+06+25_2529.jpg\"><img decoding=\"async\" style=\"TEXT-ALIGN: center; MARGIN: 0px auto 10px; WIDTH: 400px; DISPLAY: block; HEIGHT: 266px; CURSOR: hand\" id=\"BLOGGER_PHOTO_ID_5356181004964017314\" border=\"0\" alt=\"\" src=\"http:\/\/4.bp.blogspot.com\/_GkK1i6dbjdc\/SlT6PumTNKI\/AAAAAAAABow\/QHy8NOOPcqk\/s400\/2009+06+25_2529.jpg\" \/><\/a> Lite l\u00f6sg\u00e5ende djur p\u00e5 kvarng\u00e5rden Moulin de Vanneau.<\/p>\n<div><a href=\"http:\/\/3.bp.blogspot.com\/_GkK1i6dbjdc\/SlT6PfsvUpI\/AAAAAAAABoo\/ZqCJXnjblug\/s1600-h\/2009+06+25_2548.jpg\"><img decoding=\"async\" style=\"TEXT-ALIGN: center; MARGIN: 0px auto 10px; WIDTH: 266px; DISPLAY: block; HEIGHT: 400px; CURSOR: hand\" id=\"BLOGGER_PHOTO_ID_5356181000964493970\" border=\"0\" alt=\"\" src=\"http:\/\/3.bp.blogspot.com\/_GkK1i6dbjdc\/SlT6PfsvUpI\/AAAAAAAABoo\/ZqCJXnjblug\/s400\/2009+06+25_2548.jpg\" \/><\/a> Min konversationsdam och jag p\u00e5 sp\u00e5ngad promenad i litet tr\u00e4sk.<\/p>\n<div><a href=\"http:\/\/3.bp.blogspot.com\/_GkK1i6dbjdc\/SlT6O0GN4sI\/AAAAAAAABog\/D6dExt0icsQ\/s1600-h\/2009+06+25_2593.jpg\"><img decoding=\"async\" style=\"TEXT-ALIGN: center; MARGIN: 0px auto 10px; WIDTH: 400px; DISPLAY: block; HEIGHT: 266px; CURSOR: hand\" id=\"BLOGGER_PHOTO_ID_5356180989260194498\" border=\"0\" alt=\"\" src=\"http:\/\/3.bp.blogspot.com\/_GkK1i6dbjdc\/SlT6O0GN4sI\/AAAAAAAABog\/D6dExt0icsQ\/s400\/2009+06+25_2593.jpg\" \/><\/a> Bilen inne p\u00e5 reparation \u2013 tre nya hjulmuttrar fr\u00e5n Renault blev resultatet.<\/div>\n<div>\n<div><a href=\"http:\/\/1.bp.blogspot.com\/_GkK1i6dbjdc\/SlT6OklcIGI\/AAAAAAAABoY\/5mBjgLOVvC0\/s1600-h\/2009+06+26_2486.jpg\"><img decoding=\"async\" style=\"TEXT-ALIGN: center; MARGIN: 0px auto 10px; WIDTH: 400px; DISPLAY: block; HEIGHT: 266px; CURSOR: hand\" id=\"BLOGGER_PHOTO_ID_5356180985096183906\" border=\"0\" alt=\"\" src=\"http:\/\/1.bp.blogspot.com\/_GkK1i6dbjdc\/SlT6OklcIGI\/AAAAAAAABoY\/5mBjgLOVvC0\/s400\/2009+06+26_2486.jpg\" \/><\/a> Jijy, 15 \u00e5r.<\/p>\n<div><a href=\"http:\/\/2.bp.blogspot.com\/_GkK1i6dbjdc\/SlT6OeDuQCI\/AAAAAAAABoQ\/_2iyTx7_x7E\/s1600-h\/2009+06+26_2494.jpg\"><img decoding=\"async\" style=\"TEXT-ALIGN: center; MARGIN: 0px auto 10px; WIDTH: 266px; DISPLAY: block; HEIGHT: 400px; CURSOR: hand\" id=\"BLOGGER_PHOTO_ID_5356180983344152610\" border=\"0\" alt=\"\" src=\"http:\/\/2.bp.blogspot.com\/_GkK1i6dbjdc\/SlT6OeDuQCI\/AAAAAAAABoQ\/_2iyTx7_x7E\/s400\/2009+06+26_2494.jpg\" \/><\/a>Min nya franska frisyr.<\/p>\n<div><a href=\"http:\/\/4.bp.blogspot.com\/_GkK1i6dbjdc\/SlT5kwY-wHI\/AAAAAAAABoI\/-eWSSoR7fKQ\/s1600-h\/2009+06+27_2637.jpg\"><img decoding=\"async\" style=\"TEXT-ALIGN: center; MARGIN: 0px auto 10px; WIDTH: 400px; DISPLAY: block; HEIGHT: 259px; CURSOR: hand\" id=\"BLOGGER_PHOTO_ID_5356180266710646898\" border=\"0\" alt=\"\" src=\"http:\/\/4.bp.blogspot.com\/_GkK1i6dbjdc\/SlT5kwY-wHI\/AAAAAAAABoI\/-eWSSoR7fKQ\/s400\/2009+06+27_2637.jpg\" \/><\/a> Bestsellersbokhyllan inne p\u00e5 Fnac i Bourges: Stieg Larsson p\u00e5 b\u00e5de f\u00f6rsta och andra plats, f\u00f6ljt av en l\u00e4ttviktsamerikanare. Vad har det blivit av fransm\u00e4nnen som alltid varit s\u00e5 m\u00e5na om det egna?<\/p>\n<div><a href=\"http:\/\/1.bp.blogspot.com\/_GkK1i6dbjdc\/SlT5k20jTBI\/AAAAAAAABoA\/v0gD-JDRHjs\/s1600-h\/2009+06+27_2644.jpg\"><img decoding=\"async\" style=\"TEXT-ALIGN: center; MARGIN: 0px auto 10px; WIDTH: 400px; DISPLAY: block; HEIGHT: 266px; CURSOR: hand\" id=\"BLOGGER_PHOTO_ID_5356180268436900882\" border=\"0\" alt=\"\" src=\"http:\/\/1.bp.blogspot.com\/_GkK1i6dbjdc\/SlT5k20jTBI\/AAAAAAAABoA\/v0gD-JDRHjs\/s400\/2009+06+27_2644.jpg\" \/><\/a>Den stora imponerande katedralen i Bourges.<\/p>\n<div><a href=\"http:\/\/4.bp.blogspot.com\/_GkK1i6dbjdc\/SlT5kspfoSI\/AAAAAAAABn4\/pm2UIjqPvVQ\/s1600-h\/2009+06+27_2671.jpg\"><img decoding=\"async\" style=\"TEXT-ALIGN: center; MARGIN: 0px auto 10px; WIDTH: 400px; DISPLAY: block; HEIGHT: 266px; CURSOR: hand\" id=\"BLOGGER_PHOTO_ID_5356180265706168610\" border=\"0\" alt=\"\" src=\"http:\/\/4.bp.blogspot.com\/_GkK1i6dbjdc\/SlT5kspfoSI\/AAAAAAAABn4\/pm2UIjqPvVQ\/s400\/2009+06+27_2671.jpg\" \/><\/a>Kasprar f\u00e5r inte g\u00e5 in i katedraler, s\u00e5 vi turades om.<\/p>\n<div><a href=\"http:\/\/2.bp.blogspot.com\/_GkK1i6dbjdc\/SlT5kY5yaCI\/AAAAAAAABnw\/Bb7yqMbXjcM\/s1600-h\/2009+06+27_2674.jpg\"><img decoding=\"async\" style=\"TEXT-ALIGN: center; MARGIN: 0px auto 10px; WIDTH: 400px; DISPLAY: block; HEIGHT: 266px; CURSOR: hand\" id=\"BLOGGER_PHOTO_ID_5356180260405798946\" border=\"0\" alt=\"\" src=\"http:\/\/2.bp.blogspot.com\/_GkK1i6dbjdc\/SlT5kY5yaCI\/AAAAAAAABnw\/Bb7yqMbXjcM\/s400\/2009+06+27_2674.jpg\" \/><\/a>Sk\u00f6nt att vila i skuggan, det var en varm dag.<\/p>\n<p><\/p>\n<div><a href=\"http:\/\/3.bp.blogspot.com\/_GkK1i6dbjdc\/SlT5kKgA9nI\/AAAAAAAABno\/oenahM23dRE\/s1600-h\/2009+06+27_2681.jpg\"><img decoding=\"async\" style=\"TEXT-ALIGN: center; MARGIN: 0px auto 10px; WIDTH: 400px; DISPLAY: block; HEIGHT: 259px; CURSOR: hand\" id=\"BLOGGER_PHOTO_ID_5356180256539604594\" border=\"0\" alt=\"\" src=\"http:\/\/3.bp.blogspot.com\/_GkK1i6dbjdc\/SlT5kKgA9nI\/AAAAAAAABno\/oenahM23dRE\/s400\/2009+06+27_2681.jpg\" \/><\/a>Ett av f\u00e5 slott som inte ligger djupt begravet innanf\u00f6r h\u00f6ga h\u00e4ckar och murar. Litet och privat\u00e4gt, n\u00e4ra Cosne sur Loire.<\/p>\n<div><\/div>\n<\/div>\n<\/div>\n<\/div>\n<\/div>\n<\/div>\n<\/div>\n<\/div>\n<\/div>\n<\/div>\n","protected":false},"excerpt":{"rendered":"<p>Lite l\u00f6sg\u00e5ende djur p\u00e5 kvarng\u00e5rden Moulin de Vanneau. Min konversationsdam och jag p\u00e5 sp\u00e5ngad promenad i litet tr\u00e4sk. Bilen inne p\u00e5 reparation \u2013 tre nya hjulmuttrar fr\u00e5n Renault blev resultatet. Jijy, 15 \u00e5r. Min nya franska frisyr. Bestsellersbokhyllan inne p\u00e5 Fnac i Bourges: Stieg Larsson p\u00e5 b\u00e5de f\u00f6rsta och andra plats, f\u00f6ljt av en l\u00e4ttviktsamerikanare. [&hellip;]<\/p>\n","protected":false},"author":1,"featured_media":0,"comment_status":"open","ping_status":"open","sticky":false,"template":"","format":"standard","meta":[],"categories":[1],"tags":[],"_links":{"self":[{"href":"http:\/\/www.heljesten.nu\/index.php?rest_route=\/wp\/v2\/posts\/951"}],"collection":[{"href":"http:\/\/www.heljesten.nu\/index.php?rest_route=\/wp\/v2\/posts"}],"about":[{"href":"http:\/\/www.heljesten.nu\/index.php?rest_route=\/wp\/v2\/types\/post"}],"author":[{"embeddable":true,"href":"http:\/\/www.heljesten.nu\/index.php?rest_route=\/wp\/v2\/users\/1"}],"replies":[{"embeddable":true,"href":"http:\/\/www.heljesten.nu\/index.php?rest_route=%2Fwp%2Fv2%2Fcomments&post=951"}],"version-history":[{"count":0,"href":"http:\/\/www.heljesten.nu\/index.php?rest_route=\/wp\/v2\/posts\/951\/revisions"}],"wp:attachment":[{"href":"http:\/\/www.heljesten.nu\/index.php?rest_route=%2Fwp%2Fv2%2Fmedia&parent=951"}],"wp:term":[{"taxonomy":"category","embeddable":true,"href":"http:\/\/www.heljesten.nu\/index.php?rest_route=%2Fwp%2Fv2%2Fcategories&post=951"},{"taxonomy":"post_tag","embeddable":true,"href":"http:\/\/www.heljesten.nu\/index.php?rest_route=%2Fwp%2Fv2%2Ftags&post=951"}],"curies":[{"name":"wp","href":"https:\/\/api.w.org\/{rel}","templated":true}]}}