{"id":924,"date":"2009-08-30T12:14:00","date_gmt":"2009-08-30T10:14:00","guid":{"rendered":"http:\/\/www.heljesten.nu\/?p=924"},"modified":"2009-08-30T12:14:00","modified_gmt":"2009-08-30T10:14:00","slug":"okoncentrerad","status":"publish","type":"post","link":"http:\/\/www.heljesten.nu\/?p=924","title":{"rendered":"Okoncentrerad"},"content":{"rendered":"<p>R\u00e4tt bekymrad \u00e4r jag nu. Vid tiotiden gick vi viltsp\u00e5ret jag lade ut ig\u00e5r eftermiddag. Det blev allts\u00e5 ca 18,5 timmars liggetid. Ig\u00e5r hade jag gps:en med mig n\u00e4r jag lade sp\u00e5ret, men tyv\u00e4rr blev den liggande kvar hemma nu. Hade varit v\u00e4ldigt bra att ha n\u00e4r vi gick idag &#8230;<\/p>\n<p>Kasper vek r\u00e4tt snart av \u00e5t h\u00f6ger medan min minnesbild sade rakt fram. T\u00e4nkte att vinden l\u00e5g nog s\u00e5, s\u00e5 jag l\u00e4t honom h\u00e5llas en stund, men snart blev det uppenbart att han var helt ute och vimsade. D\u00e4r borde jag ha g\u00e5tt tillbaka med honom, men just d\u00e5 s\u00e5g jag en av mina snitslar, s\u00e5 jag blev lite os\u00e4ker. Nu i efterhand inser jag att han genade till n\u00e4sta ben p\u00e5 sp\u00e5ret.<\/p>\n<p>Efter\u00e5t gick vi i koppel tillbaka till sp\u00e5rstart och gick rakt fram ist\u00e4llet som jag trodde det skulle vara och jag hittade d\u00e5 tre snitslar som vi aldrig passerade \u00f6ver huvud taget. M\u00f6jligen kan det finnas n\u00e5gon mer snitsel kvar i skogen, men jag hoppas jag fick in alla. Vi gick en skogsrunda till och kompletterade med lite mer kantareller, taggsvamp och en fin karljohan. Inte heller nu gick det att intressera honom f\u00f6r att s\u00f6ka kantarell. Han \u00e4r bara intresserad av f\u00e4rskviltsp\u00e5ren &#8230;<\/p>\n<p>Under sp\u00e5rningen fick jag ofta stoppa honom f\u00f6r att han fick h\u00f6gt huvud och antagligen ville dra iv\u00e4g p\u00e5 f\u00e4rskvilt. Ungef\u00e4r mitt p\u00e5 sp\u00e5ret stannade jag honom en stund s\u00e5 han fick varva ner lite. Jag \u00e5t bl\u00e5b\u00e4r och bara v\u00e4ntade ut honom medan han fick sitta och ha tr\u00e5kigt.<\/p>\n<p>Andra halvan av sp\u00e5ret gick b\u00e4ttre, men han hade problem med den blodade vinkeln. Det tog flera f\u00f6rs\u00f6k med assistans av mig innan han kom r\u00e4tt d\u00e4r. St\u00e4llet d\u00e4r jag hittat kantarellerna spikade han exakt och nosade lite p\u00e5 den gula snitseln som jag satt l\u00e5gt p\u00e5 n\u00e4rmaste buske. Sedan sneddade han lite till skanken, vilket var helt ok. Han gick ett par meter f\u00f6rbi skankg\u00f6mman, men v\u00e4nde tillbaka p\u00e5 egen hand och tog den.<\/p>\n<p>S\u00e5 h\u00e4r d\u00e5ligt har det nog aldrig g\u00e5tt att sp\u00e5ra f\u00f6rut, och jag blir inte bara l\u00e4tt nerv\u00f6s inf\u00f6r n\u00e4sta helgs stora utmaning. S\u00e5 h\u00e4r illa f\u00e5r han bara inte g\u00e5 d\u00e5&#8230;<\/p>\n<p>Till hans f\u00f6rsvar ska s\u00e4gas att det \u00e4r helt uppenbart att det \u00e4r mycket folk i skogarna nu: b\u00e4r- och svampplockare och troligen \u00e4ven andra viltsp\u00e5rare. N\u00e4r vi kom tillbaka till bilen parkerade det just en ny bil d\u00e4r medan en annan saktade in f\u00f6r att sedan v\u00e4lja att forts\u00e4tta n\u00e4r de s\u00e5g att d\u00e4r redan stod tv\u00e5 bilar. Sen tyckte jag att jag h\u00f6rde en startpistol precis n\u00e4r vi k\u00f6rde iv\u00e4g, men varifr\u00e5n de personerna kom vete sjutton. Det \u00e4r bra l\u00e5ngt runt att komma till den grus\u00e4gen fr\u00e5n andra h\u00e5llet, och jag undrar om det inte finns en bom d\u00e4r med, precis som vid den h\u00e4r parkeringen. Allt folk r\u00f6r givetvis upp viltet extra mycket, och s\u00e5 har jakts\u00e4songen b\u00f6rjat.<\/p>\n<p>Nu g\u00e4ller det bara att ha is i magen och hoppas att han \u00e4r mer koncentrerad n\u00e4sta helg.<\/p>\n","protected":false},"excerpt":{"rendered":"<p>R\u00e4tt bekymrad \u00e4r jag nu. Vid tiotiden gick vi viltsp\u00e5ret jag lade ut ig\u00e5r eftermiddag. Det blev allts\u00e5 ca 18,5 timmars liggetid. Ig\u00e5r hade jag gps:en med mig n\u00e4r jag lade sp\u00e5ret, men tyv\u00e4rr blev den liggande kvar hemma nu. Hade varit v\u00e4ldigt bra att ha n\u00e4r vi gick idag &#8230; Kasper vek r\u00e4tt snart [&hellip;]<\/p>\n","protected":false},"author":1,"featured_media":0,"comment_status":"open","ping_status":"open","sticky":false,"template":"","format":"standard","meta":[],"categories":[10,123],"tags":[],"_links":{"self":[{"href":"http:\/\/www.heljesten.nu\/index.php?rest_route=\/wp\/v2\/posts\/924"}],"collection":[{"href":"http:\/\/www.heljesten.nu\/index.php?rest_route=\/wp\/v2\/posts"}],"about":[{"href":"http:\/\/www.heljesten.nu\/index.php?rest_route=\/wp\/v2\/types\/post"}],"author":[{"embeddable":true,"href":"http:\/\/www.heljesten.nu\/index.php?rest_route=\/wp\/v2\/users\/1"}],"replies":[{"embeddable":true,"href":"http:\/\/www.heljesten.nu\/index.php?rest_route=%2Fwp%2Fv2%2Fcomments&post=924"}],"version-history":[{"count":0,"href":"http:\/\/www.heljesten.nu\/index.php?rest_route=\/wp\/v2\/posts\/924\/revisions"}],"wp:attachment":[{"href":"http:\/\/www.heljesten.nu\/index.php?rest_route=%2Fwp%2Fv2%2Fmedia&parent=924"}],"wp:term":[{"taxonomy":"category","embeddable":true,"href":"http:\/\/www.heljesten.nu\/index.php?rest_route=%2Fwp%2Fv2%2Fcategories&post=924"},{"taxonomy":"post_tag","embeddable":true,"href":"http:\/\/www.heljesten.nu\/index.php?rest_route=%2Fwp%2Fv2%2Ftags&post=924"}],"curies":[{"name":"wp","href":"https:\/\/api.w.org\/{rel}","templated":true}]}}