{"id":894,"date":"2009-10-10T16:16:00","date_gmt":"2009-10-10T14:16:00","guid":{"rendered":"http:\/\/www.heljesten.nu\/?p=894"},"modified":"2009-10-10T16:16:00","modified_gmt":"2009-10-10T14:16:00","slug":"rallykurs-praktik-2","status":"publish","type":"post","link":"http:\/\/www.heljesten.nu\/?p=894","title":{"rendered":"Rallykurs, praktik 2"},"content":{"rendered":"<p>Det var kallt imorse, s\u00e5 jag paltade p\u00e5 mig ett antal kl\u00e4dlager f\u00f6r att klara ett par timmars utevistelse p\u00e5 rallykursen idag. Men sen kom solen fram och det blev en helt underbar dag, och jag kunde skala av lager efter lager. K\u00f6rde till slut i bara l\u00e5ng\u00e4rmad t-shirt och hundv\u00e4st. Kanon!<\/p>\n<p>Det var inte bara v\u00e4dret som var bra idag, Kasper var ocks\u00e5 j\u00e4tteduktig. Vi b\u00f6rjade inne med att dela ut dagens papper p\u00e5 nya skyltar som skulle tr\u00e4nas. D\u00e5 pep han lite f\u00f6r det var ju s\u00e5 tr\u00e5kigt.<br \/>Sedan blev han uppbunden ute n\u00e4r vi skulle g\u00e5 igenom hur de nya momenten skulle genomf\u00f6ras. Det \u00e4r bara nyttigt f\u00f6r honom att f\u00e5 tr\u00e4na passivitet, s\u00e5 n\u00e4r matte fattat huvudprinciperna b\u00f6rjade vi tr\u00e4na:<\/p>\n<ul>\n<li>front (att f\u00e5 hunden att f\u00f6rflytta sig fr\u00e5n v\u00e4nstra sidan till mitt emot en och s\u00e4tta sig d\u00e4r)<\/li>\n<li>att fr\u00e5n front f\u00e5 hunden att g\u00e5 bakom en runt till v\u00e4nstra sidan (som klassisk inkallning)<\/li>\n<li>att fr\u00e5n front f\u00e5 hunden att g\u00f6ra en \u201dmodern\u201d inkallning direkt till ens v\u00e4nstra sida<\/li>\n<li>tysksv\u00e4ngen (d\u00e4r kom den!) d\u00e4r man ska v\u00e4nda 180 grader och hunden ska v\u00e4nda \u00e5t h\u00f6ger medan man sj\u00e4lv v\u00e4nder \u00e5t v\u00e4nster<\/li>\n<\/ul>\n<p>Det sista var nog knepigast, s\u00e4rskilt med kopplet, d\u00e4r man m\u00e5ste v\u00e4xla fr\u00e5n h\u00f6ger hand till v\u00e4nster bakom ryggen och sen tillbaka till h\u00f6ger hand n\u00e4r hunden kommit p\u00e5 plats vid v\u00e4nstersidan igen s\u00e5 man \u00e4r beredd p\u00e5 n\u00e4sta skylt.<\/p>\n<p>Efter fikat byggdes en bana som vi k\u00f6rde samtidigt som vi filmades. Filmen har vi \u00e4nnu inte sett, men Kasper och jag startade tv\u00e5a och det gick riktigt bra. Det enda Anette hade att s\u00e4ga var att jag kunde haft kopplet lite l\u00e4ngre och mer h\u00e4ngande. Hade l\u00e5nat ett koppel av henne som var lite kortare \u00e4n v\u00e5rt normala, det \u00e4r klart en f\u00f6rdel att k\u00f6ra med lite kortare koppel i rally. Ska se om jag hittar Kaspers gamla valpkoppel i n\u00e5n g\u00f6mma, det kanske kan passa perfekt.<\/p>\n<p>Vi stannade kvar efter\u00e5t och hj\u00e4lpte till att plocka in skyltar. S\u00e5 fick Kasper leka av sig med sch\u00e4fern Perla, herdehunden Frode och litegrann med keesen Vagabond, fast V var inte lika leksugen som de andra. Kasper fick r\u00e4nna p\u00e5 bra f\u00f6r att hinna med de stora hundarna. Passade p\u00e5 att tr\u00e4na inkallning en fyra\u2013fem g\u00e5nger under leken, och han kom in superfint, fick en godis och fick springa iv\u00e4g och leka igen. \u00c4r s\u00e5 n\u00f6jd!<\/p>\n<p>Sen fick Anette och Vagabond skjuts till stationen. Kasper tyckte inte alls det gjorde n\u00e5t att en n\u00e4stan fr\u00e4mmande hund fick f\u00f6lja med bredvid honom i baks\u00e4tet. K\u00e4nns ocks\u00e5 j\u00e4tteh\u00e4rligt!<\/p>\n<p>Nu v\u00e4ntar vi bara p\u00e5 att se vad Kaspers kennel kl\u00e4mmer fram f\u00f6r m\u00e4nniskovalp. Vi \u00f6nskar givetvis lycka till och skickar m\u00e5nga bl\u00f6ta hundpussar till V\u00e4xj\u00f6!<\/p>\n","protected":false},"excerpt":{"rendered":"<p>Det var kallt imorse, s\u00e5 jag paltade p\u00e5 mig ett antal kl\u00e4dlager f\u00f6r att klara ett par timmars utevistelse p\u00e5 rallykursen idag. Men sen kom solen fram och det blev en helt underbar dag, och jag kunde skala av lager efter lager. K\u00f6rde till slut i bara l\u00e5ng\u00e4rmad t-shirt och hundv\u00e4st. Kanon! Det var inte [&hellip;]<\/p>\n","protected":false},"author":1,"featured_media":0,"comment_status":"open","ping_status":"open","sticky":false,"template":"","format":"standard","meta":[],"categories":[10,30,38,182,48],"tags":[],"_links":{"self":[{"href":"http:\/\/www.heljesten.nu\/index.php?rest_route=\/wp\/v2\/posts\/894"}],"collection":[{"href":"http:\/\/www.heljesten.nu\/index.php?rest_route=\/wp\/v2\/posts"}],"about":[{"href":"http:\/\/www.heljesten.nu\/index.php?rest_route=\/wp\/v2\/types\/post"}],"author":[{"embeddable":true,"href":"http:\/\/www.heljesten.nu\/index.php?rest_route=\/wp\/v2\/users\/1"}],"replies":[{"embeddable":true,"href":"http:\/\/www.heljesten.nu\/index.php?rest_route=%2Fwp%2Fv2%2Fcomments&post=894"}],"version-history":[{"count":0,"href":"http:\/\/www.heljesten.nu\/index.php?rest_route=\/wp\/v2\/posts\/894\/revisions"}],"wp:attachment":[{"href":"http:\/\/www.heljesten.nu\/index.php?rest_route=%2Fwp%2Fv2%2Fmedia&parent=894"}],"wp:term":[{"taxonomy":"category","embeddable":true,"href":"http:\/\/www.heljesten.nu\/index.php?rest_route=%2Fwp%2Fv2%2Fcategories&post=894"},{"taxonomy":"post_tag","embeddable":true,"href":"http:\/\/www.heljesten.nu\/index.php?rest_route=%2Fwp%2Fv2%2Ftags&post=894"}],"curies":[{"name":"wp","href":"https:\/\/api.w.org\/{rel}","templated":true}]}}