{"id":866,"date":"2009-11-22T14:10:00","date_gmt":"2009-11-22T13:10:00","guid":{"rendered":"http:\/\/www.heljesten.nu\/?p=866"},"modified":"2009-11-22T14:10:00","modified_gmt":"2009-11-22T13:10:00","slug":"rastraff-pa-drottningholm","status":"publish","type":"post","link":"http:\/\/www.heljesten.nu\/?p=866","title":{"rendered":"Rastr\u00e4ff p\u00e5 Drottningholm"},"content":{"rendered":"<p><a href=\"http:\/\/3.bp.blogspot.com\/_GkK1i6dbjdc\/SwlDOlxdTdI\/AAAAAAAAB24\/YrUpXxkJEFk\/s1600\/_MG_6145.jpg\"><img decoding=\"async\" style=\"TEXT-ALIGN: center; MARGIN: 0px auto 10px; WIDTH: 400px; DISPLAY: block; HEIGHT: 158px; CURSOR: hand\" id=\"BLOGGER_PHOTO_ID_5406926745571773906\" border=\"0\" alt=\"\" src=\"http:\/\/3.bp.blogspot.com\/_GkK1i6dbjdc\/SwlDOlxdTdI\/AAAAAAAAB24\/YrUpXxkJEFk\/s400\/_MG_6145.jpg\" \/><\/a><em>En del av de g\u00e5rdshunds\u00e4gare som d\u00f6k upp det mulna v\u00e4dret till trots. Kasper fick g\u00e5 i lina ett par g\u00e5nger f\u00f6r att d\u00e4mpa sig. Men totalt sett var han osedvanligt foglig.<\/em><\/p>\n<div>\n<div>\n<div>\n<div>\n<div>Kasper var sitt vanliga otroligt heta jag n\u00e4r vi gick mot grinden till hund\u00f6arna. Det finns ingen annan plats som triggar s\u00e5 otroligt mycket. Efter att ha f\u00f6rs\u00f6kt d\u00e4mpa honom lite klafsade vi genom leran bort till den mer \u00f6ppna \u00f6n. D\u00e4r syntes massor av g\u00e5rdshundar p\u00e5 l\u00e5ngt h\u00e5ll och n\u00e4r jag sl\u00e4ppte Kasper susade han glatt iv\u00e4g och h\u00e4lsade p\u00e5 de hundar han m\u00f6tte.<\/p>\n<\/div>\n<p><img decoding=\"async\" style=\"TEXT-ALIGN: center; MARGIN: 0px auto 10px; WIDTH: 400px; DISPLAY: block; HEIGHT: 148px; CURSOR: hand\" id=\"BLOGGER_PHOTO_ID_5406926730520496866\" border=\"0\" alt=\"\" src=\"http:\/\/3.bp.blogspot.com\/_GkK1i6dbjdc\/SwlDNts9CuI\/AAAAAAAAB2Y\/KwqrYeMF42Y\/s400\/_MG_5872.jpg\" \/>Det skulle egentligen vara bytardag s\u00e5 jag hade med ett par urvuxna t\u00e4cken. Men i verkligenheten f\u00f6rekom ingen s\u00e5dan aktivitet, s\u00e5 jag tog med dem hem igen och har nu lagt ut dem p\u00e5 <a href=\"http:\/\/www.tradera.com\/auktioner\/lowcarber\">Tradera<\/a>. \u00c4r det n\u00e5gon som har\/k\u00e4nner till en mindre hund som kan beh\u00f6va ett vintert\u00e4cke, s\u00e5 dirigera dem g\u00e4rna till<\/p>\n<p>102793366 Limex hundt\u00e4cke, fodrat, stl 25 &#8211; mindre hund<br \/>102793976 Hurtta hundt\u00e4cke, fodrat, stl 36 &#8211; mindre hund<\/p>\n<p><img decoding=\"async\" style=\"TEXT-ALIGN: center; MARGIN: 0px auto 10px; WIDTH: 400px; DISPLAY: block; HEIGHT: 258px; CURSOR: hand\" id=\"BLOGGER_PHOTO_ID_5406926739506781714\" border=\"0\" alt=\"\" src=\"http:\/\/4.bp.blogspot.com\/_GkK1i6dbjdc\/SwlDOPLc3hI\/AAAAAAAAB2o\/QLNgseL8IIU\/s400\/_MG_5918.jpg\" \/><\/div>\n<div><em>N\u00e5gon hade missuppfattat det d\u00e4r med kastrerad hane lite. Kasper st\u00e5r sn\u00e4llt och l\u00e5ter honom h\u00e5lla p\u00e5.<\/em><\/div>\n<div><em><\/em> <\/div>\n<div>Det underliga var att Kasper efter att ha lattjat en stund lugnade ner sig avsev\u00e4rt mer \u00e4n han brukar, gick och svansade kring matte och husse l\u00e5nga stunder. Jag m\u00e4rkte att han hade lite rest ragg n\u00e5gra g\u00e5nger, tror att det var n\u00e5gra hundar i g\u00e4nget han inte riktigt gillade. Det fanns flera hanar i ungef\u00e4r samma \u00e5lder och ett par sm\u00e5gruff fick avstyras, men annars gick det fredligt till, som vanligt. Jag tyckte egentligen att det var trevligt att se att han kom frivilligt till oss m\u00e5nga g\u00e5nger, liksom att han var lyh\u00f6rd p\u00e5 de flesta invisslingar. Jag bel\u00f6nade med skinkost, vilket var popul\u00e4rt. Skinkost funkade ocks\u00e5 r\u00e4tt bra i hundgrupp, f\u00f6r det \u00e4r ingen som kan smita fram och snika sig p\u00e5 fr\u00e5n sidan f\u00f6r att ta del av godsakerna, utan bel\u00f6ningen kommer till r\u00e4tt hund tack vare den lilla \u00f6ppningen.<\/div>\n<p><img decoding=\"async\" style=\"TEXT-ALIGN: center; MARGIN: 0px auto 10px; WIDTH: 400px; DISPLAY: block; HEIGHT: 94px; CURSOR: hand\" id=\"BLOGGER_PHOTO_ID_5406926734674466322\" border=\"0\" alt=\"\" src=\"http:\/\/4.bp.blogspot.com\/_GkK1i6dbjdc\/SwlDN9LVlhI\/AAAAAAAAB2g\/YpjoYa5jpfs\/s400\/_MG_5891.jpg\" \/><em>Kul med s\u00e5 m\u00e5nga brunvita hundar p\u00e5 samma g\u00e5ng \u2013 Kasper l\u00e4ngst till h\u00f6ger.<\/em><\/div>\n<p><em><\/em><\/p>\n<div>Det var osedvanligt f\u00e5 hundar av andra raser d\u00e4r idag, kanske hade de redan utnyttjat g\u00e5rdagens kalasv\u00e4der? Idag var det mulet, men vi tajmade in regnet, som inte b\u00f6rjade f\u00f6rr\u00e4n vi var hemma igen.<\/div>\n<p><img decoding=\"async\" style=\"TEXT-ALIGN: center; MARGIN: 0px auto 10px; WIDTH: 400px; DISPLAY: block; HEIGHT: 158px; CURSOR: hand\" id=\"BLOGGER_PHOTO_ID_5406926747424689874\" border=\"0\" alt=\"\" src=\"http:\/\/4.bp.blogspot.com\/_GkK1i6dbjdc\/SwlDOsrOjtI\/AAAAAAAAB2w\/CkDmArTbT5I\/s400\/_MG_5953.jpg\" \/><em>Tre RR h\u00f6rde till de utsocknes. Jag gillar alltid att se dem, de har en helt annan springstil \u00e4n g\u00e5rdshundarna.<\/em><\/div>\n<div>Det d\u00f6k upp ett par presumtiva dsg-k\u00f6pare som var nyfikna p\u00e5 att l\u00e4ra sig mer om vad dsg \u00e4r f\u00f6r ras. S\u00e5nt \u00e4r trevligt och uppmuntras.<\/p>\n<p>Jag tyckte dock v\u00e4ldigt synd om en liten valp som var med och som hade uppenbara problem med bakbenen. Jag trodde f\u00f6rst att den ville bajsa, men inte fick ro tack vare alla andra n\u00e4rg\u00e5ngna hundar, f\u00f6r ungef\u00e4r s\u00e5 gick den, halvt nedhukad hela tiden, och med svansen mellan benen. Fick dock senare veta att den alltid g\u00e5r s\u00e5. Hunden \u00e4r inbokad f\u00f6r st\u00f6rre unders\u00f6kning. Det s\u00e5g inte bra ut \ud83d\ude41 &#8230;<\/p>\n<p>Kompletterade med lite hussebilder, inte lika m\u00e5nga som vanligt p\u00e5 grund av n\u00e5n felaktig inst\u00e4llning p\u00e5 kameran. S\u00e5 kan det bli.<\/p><\/div>\n<\/div>\n","protected":false},"excerpt":{"rendered":"<p>En del av de g\u00e5rdshunds\u00e4gare som d\u00f6k upp det mulna v\u00e4dret till trots. Kasper fick g\u00e5 i lina ett par g\u00e5nger f\u00f6r att d\u00e4mpa sig. Men totalt sett var han osedvanligt foglig. Kasper var sitt vanliga otroligt heta jag n\u00e4r vi gick mot grinden till hund\u00f6arna. Det finns ingen annan plats som triggar s\u00e5 otroligt [&hellip;]<\/p>\n","protected":false},"author":1,"featured_media":0,"comment_status":"open","ping_status":"open","sticky":false,"template":"","format":"standard","meta":[],"categories":[10,176],"tags":[],"_links":{"self":[{"href":"http:\/\/www.heljesten.nu\/index.php?rest_route=\/wp\/v2\/posts\/866"}],"collection":[{"href":"http:\/\/www.heljesten.nu\/index.php?rest_route=\/wp\/v2\/posts"}],"about":[{"href":"http:\/\/www.heljesten.nu\/index.php?rest_route=\/wp\/v2\/types\/post"}],"author":[{"embeddable":true,"href":"http:\/\/www.heljesten.nu\/index.php?rest_route=\/wp\/v2\/users\/1"}],"replies":[{"embeddable":true,"href":"http:\/\/www.heljesten.nu\/index.php?rest_route=%2Fwp%2Fv2%2Fcomments&post=866"}],"version-history":[{"count":0,"href":"http:\/\/www.heljesten.nu\/index.php?rest_route=\/wp\/v2\/posts\/866\/revisions"}],"wp:attachment":[{"href":"http:\/\/www.heljesten.nu\/index.php?rest_route=%2Fwp%2Fv2%2Fmedia&parent=866"}],"wp:term":[{"taxonomy":"category","embeddable":true,"href":"http:\/\/www.heljesten.nu\/index.php?rest_route=%2Fwp%2Fv2%2Fcategories&post=866"},{"taxonomy":"post_tag","embeddable":true,"href":"http:\/\/www.heljesten.nu\/index.php?rest_route=%2Fwp%2Fv2%2Ftags&post=866"}],"curies":[{"name":"wp","href":"https:\/\/api.w.org\/{rel}","templated":true}]}}