{"id":862,"date":"2009-11-28T11:51:00","date_gmt":"2009-11-28T10:51:00","guid":{"rendered":"http:\/\/www.heljesten.nu\/?p=862"},"modified":"2009-11-28T11:51:00","modified_gmt":"2009-11-28T10:51:00","slug":"morgonrutin","status":"publish","type":"post","link":"http:\/\/www.heljesten.nu\/?p=862","title":{"rendered":"Morgonrutin"},"content":{"rendered":"<p>Lina ber\u00e4ttade om hennes hundars morgonmys och d\u00e5 inser jag att en s\u00e5n rutin har vi ocks\u00e5. Vi myser direkt p\u00e5 morgonen.<br \/>Kasper h\u00f6r n\u00e4r jag g\u00e5r in p\u00e5 toa. Rassel, rassel, rassel l\u00e5ter det n\u00e4r han kutar uppf\u00f6r trappan nerifr\u00e5n k\u00f6ket. Jag har l\u00e4mnat toad\u00f6rren p\u00e5 gl\u00e4nt, f\u00f6r jag vet ju att han kommer. Puff upp med d\u00f6rren och in till matte. Jag skjuter till d\u00f6rren igen och s\u00e5 hoppar han upp med framtassarna i kn\u00e4t. Jag b\u00f6jer mig fram och f\u00e5r fina morgonpussar och sen kliar jag honom i nacken, p\u00e5 huvudet, bakom \u00f6ronen, och p\u00e5 ryggen. N\u00e4r vi \u00e4r klara tittar han p\u00e5 d\u00f6rren. Jag \u00f6ppnar och sl\u00e4pper ut honom och st\u00e4nger efter honom. N\u00e4r jag \u00e4r klar inne p\u00e5 toa g\u00e5r jag in i sovrummet igen. D\u00e5 sitter han d\u00e4r nedanf\u00f6r s\u00e4ngen och kikar: ska hon kl\u00e4 p\u00e5 sig (=vardag) eller ska hon hoppa ner i s\u00e4ngen igen (=helg)?<br \/>P\u00e5 vardagarna g\u00e5r vi ner och \u00e4ter (en latte och en portion nordic special plus) och sen g\u00e5r vi p\u00e5 morgonpromenad. P\u00e5 helgerna vet han att det finns en god chans att han blir uppbjuden i s\u00e4ngen och f\u00e5r ligga d\u00e4r och gosa en stund under t\u00e4cket medan matte slurpar i sig en morgonlatte. Sen vankas ist\u00e4llet en l\u00e4ngre promenad.<\/p>\n<p>Idag blev det lite annorlunda, f\u00f6r i morse skulle adventsbelysningen upp. Nu blir det ist\u00e4llet skogspromenad efter lunch. Praktiskt att ha en liten hage till morgonkiss s\u00e5na dagar.<\/p>\n<div align=\"center\"><span style=\"font-size:130%;color:#990000;\">Trevlig advent p\u00e5 er alla!<\/span><\/div>\n","protected":false},"excerpt":{"rendered":"<p>Lina ber\u00e4ttade om hennes hundars morgonmys och d\u00e5 inser jag att en s\u00e5n rutin har vi ocks\u00e5. Vi myser direkt p\u00e5 morgonen.Kasper h\u00f6r n\u00e4r jag g\u00e5r in p\u00e5 toa. Rassel, rassel, rassel l\u00e5ter det n\u00e4r han kutar uppf\u00f6r trappan nerifr\u00e5n k\u00f6ket. Jag har l\u00e4mnat toad\u00f6rren p\u00e5 gl\u00e4nt, f\u00f6r jag vet ju att han kommer. Puff [&hellip;]<\/p>\n","protected":false},"author":1,"featured_media":0,"comment_status":"open","ping_status":"open","sticky":false,"template":"","format":"standard","meta":[],"categories":[10],"tags":[],"_links":{"self":[{"href":"http:\/\/www.heljesten.nu\/index.php?rest_route=\/wp\/v2\/posts\/862"}],"collection":[{"href":"http:\/\/www.heljesten.nu\/index.php?rest_route=\/wp\/v2\/posts"}],"about":[{"href":"http:\/\/www.heljesten.nu\/index.php?rest_route=\/wp\/v2\/types\/post"}],"author":[{"embeddable":true,"href":"http:\/\/www.heljesten.nu\/index.php?rest_route=\/wp\/v2\/users\/1"}],"replies":[{"embeddable":true,"href":"http:\/\/www.heljesten.nu\/index.php?rest_route=%2Fwp%2Fv2%2Fcomments&post=862"}],"version-history":[{"count":0,"href":"http:\/\/www.heljesten.nu\/index.php?rest_route=\/wp\/v2\/posts\/862\/revisions"}],"wp:attachment":[{"href":"http:\/\/www.heljesten.nu\/index.php?rest_route=%2Fwp%2Fv2%2Fmedia&parent=862"}],"wp:term":[{"taxonomy":"category","embeddable":true,"href":"http:\/\/www.heljesten.nu\/index.php?rest_route=%2Fwp%2Fv2%2Fcategories&post=862"},{"taxonomy":"post_tag","embeddable":true,"href":"http:\/\/www.heljesten.nu\/index.php?rest_route=%2Fwp%2Fv2%2Ftags&post=862"}],"curies":[{"name":"wp","href":"https:\/\/api.w.org\/{rel}","templated":true}]}}