{"id":851,"date":"2009-12-18T13:46:00","date_gmt":"2009-12-18T12:46:00","guid":{"rendered":"http:\/\/www.heljesten.nu\/?p=851"},"modified":"2009-12-18T13:46:00","modified_gmt":"2009-12-18T12:46:00","slug":"antagen","status":"publish","type":"post","link":"http:\/\/www.heljesten.nu\/?p=851","title":{"rendered":"Antagen!"},"content":{"rendered":"<p>Hurra! Vi kom just in efter en supersk\u00f6n runda p\u00e5 golfbanan i osp\u00e5rad sn\u00f6. Det gnistrade s\u00e5 vackert i sn\u00f6n och Kasper fick \u00e4ntligen rusa av sig all \u00f6verskottsenergi han hade samlat p\u00e5 sig de senaste dagarna. Jag hoppas husse lyckades ta lite fina bilder.<\/p>\n<p>Iallafall, \u00f6ppnar mejlen h\u00e4r hemma och f\u00e5r se att jag \u00e4r antagen p\u00e5 <a href=\"http:\/\/www.canis.se\/gensider.php?gid=3&#038;mid=93&#038;s=1#trener\">Klickertr\u00e4narutbildningen 2010 <\/a>i Stockholm! Hurra! Det \u00e4r inte direkt billigt, men en j\u00e4ttebra och ambiti\u00f6s utbildning. Det \u00e4r som fyra kurser \u00e0 2 dagar med l\u00e4xor och tr\u00e4ning fram till n\u00e4sta omg\u00e5ng. Vet n\u00e5gra som redan g\u00e5tt den och som \u00e4r heln\u00f6jda. Jag k\u00f6r ju med klicker sedan l\u00e4nge, men k\u00e4nner att jag saknar en massa bitar \u2013 och framf\u00f6r allt saknar jag n\u00e5n kunnig som kan vara med och peta, s\u00e4ga n\u00e4r jag g\u00f6r fel och hur vi som ekipage kan bli b\u00e4ttre. Se saker jag inte sj\u00e4lv kan se, eller inte vet hur jag ska \u00e5tg\u00e4rda.<\/p>\n<p>Idag var f\u00f6rresten f\u00f6rsta g\u00e5ngen Kaspers nya obtrackt\u00e4cke fick komma p\u00e5 verkligt prov. Det \u00e4r -9 grader ute, inget f\u00f6r en liten frusen g\u00e5rdshund. T\u00e4cket \u00e4r ju r\u00e4tt tunt och jag var nyfiken p\u00e5 hur det egentligen skulle h\u00e5lla mot kylan. Jag kunde till min h\u00e4pnad konstatera att han trots den r\u00e4tt smala och h\u00f6gtg\u00e5ende hals\u00f6ppningen under sina vilda spr\u00e5ngmarscher lyckades f\u00e5 upp h\u00f6gra tassen genom halsh\u00e5let! Ett par g\u00e5nger lyckades han ocks\u00e5 trassla frambenen in i andra benh\u00e5let, men det \u00e4r mer begripligt. Efter att ha dragit \u00e5t gummitr\u00e5darna vid halsen p\u00e5 b\u00e5da sidor fick vi ordning p\u00e5 detta. De m\u00e5ste dock sl\u00e4ppas ut n\u00e4r man tar av\/p\u00e5, annars g\u00e5r det inte att f\u00e5 igenom huvudet.<br \/>Med tanke p\u00e5 detta \u00e4r jag v\u00e4ldigt glad nu att jag inte k\u00f6pte backontrack-t\u00e4cket som jag annars var sugen p\u00e5: det hade en enorm hals\u00f6ppning ner p\u00e5 halva bringan p\u00e5 en g\u00e5rdshund, d\u00e4r hade han f\u00e5tt ut tassarna ideligen utan att jag kunnat g\u00f6ra n\u00e5t \u00e5t det.<br \/>N\u00e5gra g\u00e5nger s\u00e5g han ynklig ut och kallades in till dep\u00e5n. Tassarna var isklumpar och fick tinas i mattes hand. Sen kunde man rejsa ut igen. Det var r\u00e4tt djupt att g\u00e5 i osp\u00e5rad sn\u00f6 (gissar p\u00e5 20 cm, mer d\u00e4r det bl\u00e5st upp). Jag trampade ner ena foten i ett osynligt vattenfyllt dike (bara lite vatten kom \u00f6ver k\u00e4ngkanten), och Kasper s\u00e5g r\u00e4tt f\u00f6rv\u00e5nad ut n\u00e5n g\u00e5ng n\u00e4r han \u00e5kte ner i ett ov\u00e4ntat dike. S\u00e5 n\u00e4r vi hittade traktorsp\u00e5r fr\u00e5n en underh\u00e5llsmaskin rejsade han desto mer, och vi m\u00e4nniskor fick det l\u00e4ttare att g\u00e5. En himla mysig promenad, mycket trevligare \u00e4n ig\u00e5r med all bl\u00e5sten, \u00e4ven om det d\u00e5 bara var -4 eller s\u00e5.<br \/>T\u00e4cket, d\u00e5? N\u00e4r vi kom tillbaka till bilen k\u00e4nde jag lite under t\u00e4cket. Nog k\u00e4ndes det ganska svalt mellan rygg och t\u00e4cke. Och d\u00e5 har han \u00e4nd\u00e5 sprungit r\u00e4tt vilt stora delar av tiden, \u00e4ven om jag k\u00f6rde en del N\u00e4ra-\u00f6vningar p\u00e5 tillbakav\u00e4gen. Jag \u00e4r lite b\u00f6jd att b\u00f6rja leta efter ett kompletterande fleecet\u00e4cke, s\u00e5 kan man v\u00e4lja ettdera eller b\u00e5da, allt efter v\u00e4der. Det h\u00e4r \u00e4r kanon om det regnar, men k\u00e4nns inte riktigt till fyllest i kyla.<\/p>\n","protected":false},"excerpt":{"rendered":"<p>Hurra! Vi kom just in efter en supersk\u00f6n runda p\u00e5 golfbanan i osp\u00e5rad sn\u00f6. Det gnistrade s\u00e5 vackert i sn\u00f6n och Kasper fick \u00e4ntligen rusa av sig all \u00f6verskottsenergi han hade samlat p\u00e5 sig de senaste dagarna. Jag hoppas husse lyckades ta lite fina bilder. Iallafall, \u00f6ppnar mejlen h\u00e4r hemma och f\u00e5r se att jag [&hellip;]<\/p>\n","protected":false},"author":1,"featured_media":0,"comment_status":"open","ping_status":"open","sticky":false,"template":"","format":"standard","meta":[],"categories":[10,61,125],"tags":[],"_links":{"self":[{"href":"http:\/\/www.heljesten.nu\/index.php?rest_route=\/wp\/v2\/posts\/851"}],"collection":[{"href":"http:\/\/www.heljesten.nu\/index.php?rest_route=\/wp\/v2\/posts"}],"about":[{"href":"http:\/\/www.heljesten.nu\/index.php?rest_route=\/wp\/v2\/types\/post"}],"author":[{"embeddable":true,"href":"http:\/\/www.heljesten.nu\/index.php?rest_route=\/wp\/v2\/users\/1"}],"replies":[{"embeddable":true,"href":"http:\/\/www.heljesten.nu\/index.php?rest_route=%2Fwp%2Fv2%2Fcomments&post=851"}],"version-history":[{"count":0,"href":"http:\/\/www.heljesten.nu\/index.php?rest_route=\/wp\/v2\/posts\/851\/revisions"}],"wp:attachment":[{"href":"http:\/\/www.heljesten.nu\/index.php?rest_route=%2Fwp%2Fv2%2Fmedia&parent=851"}],"wp:term":[{"taxonomy":"category","embeddable":true,"href":"http:\/\/www.heljesten.nu\/index.php?rest_route=%2Fwp%2Fv2%2Fcategories&post=851"},{"taxonomy":"post_tag","embeddable":true,"href":"http:\/\/www.heljesten.nu\/index.php?rest_route=%2Fwp%2Fv2%2Ftags&post=851"}],"curies":[{"name":"wp","href":"https:\/\/api.w.org\/{rel}","templated":true}]}}