{"id":752,"date":"2010-04-19T08:29:00","date_gmt":"2010-04-19T06:29:00","guid":{"rendered":"http:\/\/www.heljesten.nu\/?p=752"},"modified":"2010-04-19T08:29:00","modified_gmt":"2010-04-19T06:29:00","slug":"vad-tror-ni-om-detta","status":"publish","type":"post","link":"http:\/\/www.heljesten.nu\/?p=752","title":{"rendered":"Vad tror ni om detta?"},"content":{"rendered":"<p>Husse roade sig i helgen med att ta med Kasper in till stora staden. Han pl\u00e5tade denna bild.<br \/>Vad tror ni, \u00e4r det n\u00e5n som g\u00e5r p\u00e5 denne l\u00e4tte? \ud83d\ude09<\/p>\n<div style=\"clear: both; text-align: center;\"><a href=\"http:\/\/3.bp.blogspot.com\/_GkK1i6dbjdc\/S8wGLDqg3yI\/AAAAAAAACJU\/jBQA-S5DJbU\/s1600\/Kasper_security.jpg\" style=\"margin-left: 1em; margin-right: 1em;\"><img decoding=\"async\" border=\"0\" src=\"http:\/\/3.bp.blogspot.com\/_GkK1i6dbjdc\/S8wGLDqg3yI\/AAAAAAAACJU\/jBQA-S5DJbU\/s320\/Kasper_security.jpg\" \/><\/a><\/div>\n","protected":false},"excerpt":{"rendered":"<p>Husse roade sig i helgen med att ta med Kasper in till stora staden. Han pl\u00e5tade denna bild.Vad tror ni, \u00e4r det n\u00e5n som g\u00e5r p\u00e5 denne l\u00e4tte? \ud83d\ude09<\/p>\n","protected":false},"author":1,"featured_media":0,"comment_status":"open","ping_status":"open","sticky":false,"template":"","format":"standard","meta":[],"categories":[10],"tags":[],"_links":{"self":[{"href":"http:\/\/www.heljesten.nu\/index.php?rest_route=\/wp\/v2\/posts\/752"}],"collection":[{"href":"http:\/\/www.heljesten.nu\/index.php?rest_route=\/wp\/v2\/posts"}],"about":[{"href":"http:\/\/www.heljesten.nu\/index.php?rest_route=\/wp\/v2\/types\/post"}],"author":[{"embeddable":true,"href":"http:\/\/www.heljesten.nu\/index.php?rest_route=\/wp\/v2\/users\/1"}],"replies":[{"embeddable":true,"href":"http:\/\/www.heljesten.nu\/index.php?rest_route=%2Fwp%2Fv2%2Fcomments&post=752"}],"version-history":[{"count":0,"href":"http:\/\/www.heljesten.nu\/index.php?rest_route=\/wp\/v2\/posts\/752\/revisions"}],"wp:attachment":[{"href":"http:\/\/www.heljesten.nu\/index.php?rest_route=%2Fwp%2Fv2%2Fmedia&parent=752"}],"wp:term":[{"taxonomy":"category","embeddable":true,"href":"http:\/\/www.heljesten.nu\/index.php?rest_route=%2Fwp%2Fv2%2Fcategories&post=752"},{"taxonomy":"post_tag","embeddable":true,"href":"http:\/\/www.heljesten.nu\/index.php?rest_route=%2Fwp%2Fv2%2Ftags&post=752"}],"curies":[{"name":"wp","href":"https:\/\/api.w.org\/{rel}","templated":true}]}}