{"id":689,"date":"2010-06-11T22:06:00","date_gmt":"2010-06-11T20:06:00","guid":{"rendered":"http:\/\/www.heljesten.nu\/?p=689"},"modified":"2010-06-11T22:06:00","modified_gmt":"2010-06-11T20:06:00","slug":"kasper-pa-semester","status":"publish","type":"post","link":"http:\/\/www.heljesten.nu\/?p=689","title":{"rendered":"Kasper p\u00e5 semester"},"content":{"rendered":"<p>Kasper har varit p\u00e5 semester. Det trevliga med Skoby \u00e4r att de skickar med en liten dagbok om vad som h\u00e4nt under de dagar hunden vistats hos dem. Mest \u00e4r det nog f\u00f6r att de sen ska veta till n\u00e4sta g\u00e5ng hur hunden var och vilka den fungerade ihop med. Men \u00e4garen f\u00e5r ocks\u00e5 en kopia s\u00e5 man kan l\u00e4sa lite om vistelsen.<br \/>Ett axplock:<br \/>\u201dFull fart i hagen med \/6 hundnamn\/ och nya Jack Russel-tjejen Sally. Rolig tjej.\u201d<br \/>\u201dSommarv\u00e4rme i hagen och \/5 hundnamn\/ s\u00e4llskapar.\u201d<br \/>\u201dTrevligt i hagen med alla brudarna.\u201d<br \/>\u201dSkoj i hagen idag med kompisarna. Nya idag var tv\u00e5 str\u00e4vh\u00e5riga taxar. Lika kul p\u00e5 em.\u201d<br \/>\u201dTrevligt i hagen trots regnet.\u201d<\/p>\n<p>Tja, inte l\u00e5ter det som han haft det tr\u00e5kigt? N\u00e5gra \u00e4r bekantskaper fr\u00e5n de b\u00e5da tidigare bes\u00f6ken, andra var nya. Det var raser som tax, dv\u00e4rgschnauzer, mops, bostonterrier, JRT och n\u00e5gra blandraser av mindre storlek.<\/p>\n<p>Sist i dagboken stod det:<br \/>\u201dAllt har g\u00e5tt j\u00e4ttebra. Vaktar sin box lite, men inga problem att ge mat eller vatten. Sedan \u00e4r han en riktigt kramgo och glad kille. V\u00e4lkommen tillbaka!\u201d<\/p>\n<p>Det d\u00e4r med att vakta \u00e4r en fullkomlig nyhet. Jag har funderat lite p\u00e5 det i eftermiddag och undrar om det har med det stora benet att g\u00f6ra. Han fick ett stort nytt ben med sig f\u00f6r att ha n\u00e5t att pyssla med de timmar han vistades ensam i sin egen box. Det har han inte haft tidigare, men d\u00e5 har jag f\u00e5tt rapport om att han k\u00e4nt sig ensam. Och det f\u00f6rst\u00e5r jag, en g\u00e5rdis vill ha s\u00e4llskap och Kasper \u00e4r van att ha s\u00e4llskap n\u00e4stan j\u00e4mnt. Men kanske att alla andra hundar runt omkring (det blir ju en del ov\u00e4sen och sk\u00e4llande) stressade honom lite och han k\u00e4nde ett behov att vakta benet? Annars vet jag faktiskt inte. Och tjej nummer tv\u00e5 som vi tr\u00e4ffade n\u00e4r jag l\u00e4mnade honom sk\u00e4llde han faktiskt p\u00e5; det \u00e4r inte heller n\u00e5got han brukar g\u00f6ra p\u00e5 m\u00e4nniskor s\u00e5 d\u00e4r oprovocerat.<\/p>\n<p>Totalt sett tror jag dock att han har haft det bra, och det blir ju inte ofta vi l\u00e4mnar bort honom s\u00e5 h\u00e4r. S\u00e5 m\u00e5nga hundar som han lekt med senaste veckan f\u00e5r han normalt knappt aldrig busa runt med, s\u00e5 det borde ha varit en stimulerande omv\u00e4xling.<\/p>\n<p>Nu har vi haft n\u00e5gra timmars gl\u00e4djeskuttande \u00e5terseende d\u00e4r han krumbuktat sig som en liten r\u00e4ka. Om ett par dagar \u00e4r vi nog inne i lunken igen, och d\u00e5 kommer n\u00e4sta nya grej \u2013 lillebror kommer hem.<\/p>\n","protected":false},"excerpt":{"rendered":"<p>Kasper har varit p\u00e5 semester. Det trevliga med Skoby \u00e4r att de skickar med en liten dagbok om vad som h\u00e4nt under de dagar hunden vistats hos dem. Mest \u00e4r det nog f\u00f6r att de sen ska veta till n\u00e4sta g\u00e5ng hur hunden var och vilka den fungerade ihop med. Men \u00e4garen f\u00e5r ocks\u00e5 en [&hellip;]<\/p>\n","protected":false},"author":1,"featured_media":0,"comment_status":"open","ping_status":"open","sticky":false,"template":"","format":"standard","meta":[],"categories":[10,158],"tags":[],"_links":{"self":[{"href":"http:\/\/www.heljesten.nu\/index.php?rest_route=\/wp\/v2\/posts\/689"}],"collection":[{"href":"http:\/\/www.heljesten.nu\/index.php?rest_route=\/wp\/v2\/posts"}],"about":[{"href":"http:\/\/www.heljesten.nu\/index.php?rest_route=\/wp\/v2\/types\/post"}],"author":[{"embeddable":true,"href":"http:\/\/www.heljesten.nu\/index.php?rest_route=\/wp\/v2\/users\/1"}],"replies":[{"embeddable":true,"href":"http:\/\/www.heljesten.nu\/index.php?rest_route=%2Fwp%2Fv2%2Fcomments&post=689"}],"version-history":[{"count":0,"href":"http:\/\/www.heljesten.nu\/index.php?rest_route=\/wp\/v2\/posts\/689\/revisions"}],"wp:attachment":[{"href":"http:\/\/www.heljesten.nu\/index.php?rest_route=%2Fwp%2Fv2%2Fmedia&parent=689"}],"wp:term":[{"taxonomy":"category","embeddable":true,"href":"http:\/\/www.heljesten.nu\/index.php?rest_route=%2Fwp%2Fv2%2Fcategories&post=689"},{"taxonomy":"post_tag","embeddable":true,"href":"http:\/\/www.heljesten.nu\/index.php?rest_route=%2Fwp%2Fv2%2Ftags&post=689"}],"curies":[{"name":"wp","href":"https:\/\/api.w.org\/{rel}","templated":true}]}}