{"id":686,"date":"2010-06-15T14:00:00","date_gmt":"2010-06-15T12:00:00","guid":{"rendered":"http:\/\/www.heljesten.nu\/?p=686"},"modified":"2010-06-15T14:00:00","modified_gmt":"2010-06-15T12:00:00","slug":"nagra-bilder-fran-lesvos","status":"publish","type":"post","link":"http:\/\/www.heljesten.nu\/?p=686","title":{"rendered":"N\u00e5gra bilder fr\u00e5n Lesvos"},"content":{"rendered":"<p>N\u00e5gra bilder fr\u00e5n Greklands tredje st\u00f6rsta \u00f6 ligger nu h\u00e4r f\u00f6r den som vill bli suktad:<\/p>\n<div><a href=\"http:\/\/evrodoc.se\/fl_lesbos\/\">Lesvos<\/a>\u00a0(inte exakt samma bilder som jag l\u00e4nkade till fr\u00e5n fejan). F\u00f6r den som inte har Flash finns en mindre flashig variant av bildvisningen <a href=\"http:\/\/evrodoc.se\/html_lesbos\/\">h\u00e4r<\/a>.<o:p><\/o:p><\/div>\n<div><\/div>\n<div><\/div>\n<div><\/div>\n","protected":false},"excerpt":{"rendered":"<p>N\u00e5gra bilder fr\u00e5n Greklands tredje st\u00f6rsta \u00f6 ligger nu h\u00e4r f\u00f6r den som vill bli suktad: Lesvos\u00a0(inte exakt samma bilder som jag l\u00e4nkade till fr\u00e5n fejan). F\u00f6r den som inte har Flash finns en mindre flashig variant av bildvisningen h\u00e4r.<\/p>\n","protected":false},"author":1,"featured_media":0,"comment_status":"open","ping_status":"open","sticky":false,"template":"","format":"standard","meta":[],"categories":[39],"tags":[],"_links":{"self":[{"href":"http:\/\/www.heljesten.nu\/index.php?rest_route=\/wp\/v2\/posts\/686"}],"collection":[{"href":"http:\/\/www.heljesten.nu\/index.php?rest_route=\/wp\/v2\/posts"}],"about":[{"href":"http:\/\/www.heljesten.nu\/index.php?rest_route=\/wp\/v2\/types\/post"}],"author":[{"embeddable":true,"href":"http:\/\/www.heljesten.nu\/index.php?rest_route=\/wp\/v2\/users\/1"}],"replies":[{"embeddable":true,"href":"http:\/\/www.heljesten.nu\/index.php?rest_route=%2Fwp%2Fv2%2Fcomments&post=686"}],"version-history":[{"count":0,"href":"http:\/\/www.heljesten.nu\/index.php?rest_route=\/wp\/v2\/posts\/686\/revisions"}],"wp:attachment":[{"href":"http:\/\/www.heljesten.nu\/index.php?rest_route=%2Fwp%2Fv2%2Fmedia&parent=686"}],"wp:term":[{"taxonomy":"category","embeddable":true,"href":"http:\/\/www.heljesten.nu\/index.php?rest_route=%2Fwp%2Fv2%2Fcategories&post=686"},{"taxonomy":"post_tag","embeddable":true,"href":"http:\/\/www.heljesten.nu\/index.php?rest_route=%2Fwp%2Fv2%2Ftags&post=686"}],"curies":[{"name":"wp","href":"https:\/\/api.w.org\/{rel}","templated":true}]}}