{"id":683,"date":"2010-06-16T21:37:00","date_gmt":"2010-06-16T19:37:00","guid":{"rendered":"http:\/\/www.heljesten.nu\/?p=683"},"modified":"2010-06-16T21:37:00","modified_gmt":"2010-06-16T19:37:00","slug":"lakrits-ar-hemkommen","status":"publish","type":"post","link":"http:\/\/www.heljesten.nu\/?p=683","title":{"rendered":"Lakrits \u00e4r hemkommen"},"content":{"rendered":"<p>Allt \u00e4r v\u00e4l h\u00e4r, \u00e4ven om det varit lite sv\u00e5rt f\u00f6r Kasper att f\u00f6rst\u00e5 att lillen beh\u00f6ver sova ibland. Lakrits l\u00e4t som en anka hela v\u00e4gen hem, bortsett fr\u00e5n Rotebroleden, som han av n\u00e5gon anledning tyckte b\u00e4ttre om. Vi missade tyv\u00e4rr att f\u00e5 med oss snuttefilten hem. Det f\u00e5r g\u00e5 \u00e4nd\u00e5.<br \/>Han har kissat ute tre-fyra g\u00e5nger och bajsat med. Har till och med provlegat buren. \ud83d\ude09<br \/>Efter lite s\u00f6mn och mat s\u00e5 har de lugnat ner sig lite, det \u00e4r inte lika intensivt l\u00e4ngre. Nu p\u00e5 kv\u00e4llen brukar visst Guinness ge di, f\u00f6r Lakrits \u00e4r p\u00e5 Kasper och f\u00f6rs\u00f6ker f\u00e5 lite mj\u00f6lk. Uppskattas inte helt och h\u00e5llet.<br \/>Kasper har nog stundvis k\u00e4nt sig lite avundsjuk, ville inte ligga med i tevesoffan n\u00e5n l\u00e4ngre stund, till exempel. Lakrits d\u00e4remot sov sig fint igenom sista avsnittet av Greys. Jag \u00e4r inte s\u00e4ker p\u00e5 att Kasper riktigt har best\u00e4mt dig f\u00f6r hur han ska hantera leksaks- och benfr\u00e5gan. Just nu har Lakrits tagit en liten godistandborstbit och gnager f\u00f6rtjust p\u00e5 den. Kasper kikar avvaktande p\u00e5 det hela.<br \/>Jag har hunnit k\u00f6ra ett mini-inklickningspass i hagen. \u00c4n har Lakrits inte riktigt f\u00f6rst\u00e5tt att klick = godis, men att v\u00e4nstra fickan inneh\u00e5ller godis, det har han snappat redan. Mycket fin kontakt och uppm\u00e4rksamhet f\u00e5r jag redan. Vi k\u00f6r vidare med n\u00e5t nytt litet pass imorgon.<br \/>Husse har tagit n\u00e5gra bra bilder, men de f\u00e5r dr\u00f6ja tills imorgon, orkar inte ta tag i dem just nu.<\/p>\n","protected":false},"excerpt":{"rendered":"<p>Allt \u00e4r v\u00e4l h\u00e4r, \u00e4ven om det varit lite sv\u00e5rt f\u00f6r Kasper att f\u00f6rst\u00e5 att lillen beh\u00f6ver sova ibland. Lakrits l\u00e4t som en anka hela v\u00e4gen hem, bortsett fr\u00e5n Rotebroleden, som han av n\u00e5gon anledning tyckte b\u00e4ttre om. Vi missade tyv\u00e4rr att f\u00e5 med oss snuttefilten hem. Det f\u00e5r g\u00e5 \u00e4nd\u00e5.Han har kissat ute tre-fyra [&hellip;]<\/p>\n","protected":false},"author":1,"featured_media":0,"comment_status":"open","ping_status":"open","sticky":false,"template":"","format":"standard","meta":[],"categories":[10,157,3,139],"tags":[],"_links":{"self":[{"href":"http:\/\/www.heljesten.nu\/index.php?rest_route=\/wp\/v2\/posts\/683"}],"collection":[{"href":"http:\/\/www.heljesten.nu\/index.php?rest_route=\/wp\/v2\/posts"}],"about":[{"href":"http:\/\/www.heljesten.nu\/index.php?rest_route=\/wp\/v2\/types\/post"}],"author":[{"embeddable":true,"href":"http:\/\/www.heljesten.nu\/index.php?rest_route=\/wp\/v2\/users\/1"}],"replies":[{"embeddable":true,"href":"http:\/\/www.heljesten.nu\/index.php?rest_route=%2Fwp%2Fv2%2Fcomments&post=683"}],"version-history":[{"count":0,"href":"http:\/\/www.heljesten.nu\/index.php?rest_route=\/wp\/v2\/posts\/683\/revisions"}],"wp:attachment":[{"href":"http:\/\/www.heljesten.nu\/index.php?rest_route=%2Fwp%2Fv2%2Fmedia&parent=683"}],"wp:term":[{"taxonomy":"category","embeddable":true,"href":"http:\/\/www.heljesten.nu\/index.php?rest_route=%2Fwp%2Fv2%2Fcategories&post=683"},{"taxonomy":"post_tag","embeddable":true,"href":"http:\/\/www.heljesten.nu\/index.php?rest_route=%2Fwp%2Fv2%2Ftags&post=683"}],"curies":[{"name":"wp","href":"https:\/\/api.w.org\/{rel}","templated":true}]}}