{"id":665,"date":"2010-06-25T14:22:00","date_gmt":"2010-06-25T12:22:00","guid":{"rendered":"http:\/\/www.heljesten.nu\/?p=665"},"modified":"2010-06-25T14:22:00","modified_gmt":"2010-06-25T12:22:00","slug":"midsommardans-vid-vallentuna-kyrka","status":"publish","type":"post","link":"http:\/\/www.heljesten.nu\/?p=665","title":{"rendered":"Midsommardans vid Vallentuna kyrka"},"content":{"rendered":"<p><a href=\"http:\/\/1.bp.blogspot.com\/_GkK1i6dbjdc\/TCSt1qKcpRI\/AAAAAAAACdI\/06u68_oqibQ\/s1600\/bild-714265.jpg\"><img decoding=\"async\" src=\"http:\/\/1.bp.blogspot.com\/_GkK1i6dbjdc\/TCSt1qKcpRI\/AAAAAAAACdI\/06u68_oqibQ\/s320\/bild-714265.jpg\" border=\"0\" alt=\"\" id=\"BLOGGER_PHOTO_ID_5486701383406888210\" \/><\/a><\/p>\n<p>Milj\u00f6tr\u00e4ning. Lakrits var koolast. Mycket folk och hundar, som vi  <br \/>dock h\u00f6ll oss ifr\u00e5n.<\/p>\n","protected":false},"excerpt":{"rendered":"<p>Milj\u00f6tr\u00e4ning. Lakrits var koolast. Mycket folk och hundar, som vi dock h\u00f6ll oss ifr\u00e5n.<\/p>\n","protected":false},"author":1,"featured_media":0,"comment_status":"open","ping_status":"open","sticky":false,"template":"","format":"standard","meta":[],"categories":[1],"tags":[],"_links":{"self":[{"href":"http:\/\/www.heljesten.nu\/index.php?rest_route=\/wp\/v2\/posts\/665"}],"collection":[{"href":"http:\/\/www.heljesten.nu\/index.php?rest_route=\/wp\/v2\/posts"}],"about":[{"href":"http:\/\/www.heljesten.nu\/index.php?rest_route=\/wp\/v2\/types\/post"}],"author":[{"embeddable":true,"href":"http:\/\/www.heljesten.nu\/index.php?rest_route=\/wp\/v2\/users\/1"}],"replies":[{"embeddable":true,"href":"http:\/\/www.heljesten.nu\/index.php?rest_route=%2Fwp%2Fv2%2Fcomments&post=665"}],"version-history":[{"count":0,"href":"http:\/\/www.heljesten.nu\/index.php?rest_route=\/wp\/v2\/posts\/665\/revisions"}],"wp:attachment":[{"href":"http:\/\/www.heljesten.nu\/index.php?rest_route=%2Fwp%2Fv2%2Fmedia&parent=665"}],"wp:term":[{"taxonomy":"category","embeddable":true,"href":"http:\/\/www.heljesten.nu\/index.php?rest_route=%2Fwp%2Fv2%2Fcategories&post=665"},{"taxonomy":"post_tag","embeddable":true,"href":"http:\/\/www.heljesten.nu\/index.php?rest_route=%2Fwp%2Fv2%2Ftags&post=665"}],"curies":[{"name":"wp","href":"https:\/\/api.w.org\/{rel}","templated":true}]}}