{"id":621,"date":"2010-07-25T18:21:00","date_gmt":"2010-07-25T16:21:00","guid":{"rendered":"http:\/\/www.heljesten.nu\/?p=621"},"modified":"2010-07-25T18:21:00","modified_gmt":"2010-07-25T16:21:00","slug":"forsta-valptraffen-pa-thorsvi","status":"publish","type":"post","link":"http:\/\/www.heljesten.nu\/?p=621","title":{"rendered":"F\u00f6rsta valptr\u00e4ffen p\u00e5 Thorsvi"},"content":{"rendered":"<div style=\"clear: both; text-align: center;\"><a href=\"http:\/\/4.bp.blogspot.com\/_GkK1i6dbjdc\/TExx2H4tBbI\/AAAAAAAACmY\/0HwCdcCakd0\/s1600\/IMG_2194.jpg\" style=\"margin-left: 1em; margin-right: 1em;\"><img decoding=\"async\" loading=\"lazy\" border=\"0\" height=\"165\" src=\"http:\/\/4.bp.blogspot.com\/_GkK1i6dbjdc\/TExx2H4tBbI\/AAAAAAAACmY\/0HwCdcCakd0\/s400\/IMG_2194.jpg\" width=\"400\" \/><\/a><\/div>\n<p>Idag var det valptr\u00e4ff p\u00e5 Thorsvi. Eftersom familjen \u00e4r i Finland och Tyskland lovade sn\u00e4lla Karin att ta hand om Kasper. Jag b\u00f6rjade allts\u00e5 morgonen med att \u00e5ka till Liljeholmen och l\u00e4mna av honom. D\u00e4refter for Lakrits och jag vidare till kenneln utanf\u00f6r Enk\u00f6ping.<\/p>\n<div style=\"clear: both; text-align: center;\"><a href=\"http:\/\/1.bp.blogspot.com\/_GkK1i6dbjdc\/TExuZdLRdyI\/AAAAAAAAClo\/txZ8cYmS3L4\/s1600\/IMG_2176.jpg\" style=\"margin-left: 1em; margin-right: 1em;\"><img decoding=\"async\" border=\"0\" src=\"http:\/\/1.bp.blogspot.com\/_GkK1i6dbjdc\/TExuZdLRdyI\/AAAAAAAAClo\/txZ8cYmS3L4\/s320\/IMG_2176.jpg\" \/><\/a><\/div>\n<p>Vi b\u00f6rjade med en inkallnings\u00f6vning d\u00e4r Anita h\u00f6ll valpen och en f\u00f6rare i taget kallade in med visselpipa. Lakrits rasslade in precis d\u00e4r han skulle, utan omv\u00e4gar. \ud83d\ude42<br \/>Anita menar p\u00e5 att det \u00e4r viktigt att tr\u00e4na in \u201dn\u00e4rinkallningar\u201d (eventuellt med koppel) d\u00e4r f\u00f6raren backar och tar emot hunden rakt framifr\u00e5n, tar emot eventuell apport (s\u00e5 sm\u00e5ningom) varp\u00e5 hunden lugnt s\u00e4tter sig. Jag k\u00f6rde med dubbel handtarget d\u00e4r, funkade j\u00e4ttefint redan vid f\u00f6rsta f\u00f6rs\u00f6ket.<\/p>\n<div style=\"clear: both; text-align: center;\"><a href=\"http:\/\/4.bp.blogspot.com\/_GkK1i6dbjdc\/TExwoyeiWFI\/AAAAAAAACl4\/gtSza08zwqs\/s1600\/IMG_2183.jpg\" style=\"margin-left: 1em; margin-right: 1em;\"><img decoding=\"async\" border=\"0\" src=\"http:\/\/4.bp.blogspot.com\/_GkK1i6dbjdc\/TExwoyeiWFI\/AAAAAAAACl4\/gtSza08zwqs\/s320\/IMG_2183.jpg\" \/><\/a><\/div>\n<p>N\u00e4sta lilla \u00f6vning var Sitt. I princip alla menade att hundarna kunde Sitt redan n\u00e4r de h\u00e4mtades fr\u00e5n kenneln, och jag kan bara inst\u00e4mma. Jag har egentligen inte satt kommando p\u00e5 det \u00e4n, men det b\u00f6rjar v\u00e4l dags att g\u00f6ra det nu.<\/p>\n<div style=\"clear: both; text-align: center;\"><a href=\"http:\/\/4.bp.blogspot.com\/_GkK1i6dbjdc\/TExwvdPc5QI\/AAAAAAAACmA\/vcWbkllnuT4\/s1600\/IMG_2185.jpg\" style=\"margin-left: 1em; margin-right: 1em;\"><img decoding=\"async\" border=\"0\" src=\"http:\/\/4.bp.blogspot.com\/_GkK1i6dbjdc\/TExwvdPc5QI\/AAAAAAAACmA\/vcWbkllnuT4\/s320\/IMG_2185.jpg\" \/><\/a><\/div>\n<p>Sedan fick vi tr\u00e4na att g\u00e5 jaktfot, dvs. utan att kr\u00e4va full fokus upp p\u00e5 f\u00f6rarens ansikte. H\u00e4r rekommenderar Anita att tr\u00e4na i \u00e5ttor f\u00f6r att det hela tiden ska h\u00e4nda saker och inte bli en l\u00e5ngtr\u00e5kig rakstr\u00e4cka. Sj\u00e4lv brukar jag ocks\u00e5 k\u00f6ra zickzack p\u00e5 g\u00e5ngbanan, det \u00e4r v\u00e4l ungef\u00e4r samma grej.<\/p>\n<div style=\"clear: both; text-align: center;\"><a href=\"http:\/\/2.bp.blogspot.com\/_GkK1i6dbjdc\/TExw1ni9FyI\/AAAAAAAACmI\/VeCMGgaGRC0\/s1600\/IMG_2190.jpg\" style=\"margin-left: 1em; margin-right: 1em;\"><img decoding=\"async\" border=\"0\" src=\"http:\/\/2.bp.blogspot.com\/_GkK1i6dbjdc\/TExw1ni9FyI\/AAAAAAAACmI\/VeCMGgaGRC0\/s320\/IMG_2190.jpg\" \/><\/a><\/div>\n<p>D\u00e4refter var det lunchdags. Jag gav Lakrits sin lunch p\u00e5 gr\u00e4smattan och sen fick han hoppa in i bilen med tv\u00e5beningarna gick in i huset och fick en j\u00e4ttegod rostbiffsallad. Under kaffet pratade Anita om vikten av passivitet, och hon menar (till skillnad fr\u00e5n Carina Persson p\u00e5 valpkursen) att man inte ska bel\u00f6na passiviteten, eftersom man d\u00e5 bygger en f\u00f6rv\u00e4ntan vilket genererar aktivitet. Hon vill att vi g\u00e5r till n\u00e5got h\u00e4ndelsel\u00f6st st\u00e4lle och s\u00e4tter oss med kort koppel och tar tiden p\u00e5 hur l\u00e5ng tid det tar tills hunden har tr\u00f6ttnat och bara kopplar av. Ska bli ett intressant projekt!<\/p>\n<div style=\"clear: both; text-align: center;\"><a href=\"http:\/\/3.bp.blogspot.com\/_GkK1i6dbjdc\/TExwDfy_xTI\/AAAAAAAAClw\/zAmdYv0Mlso\/s1600\/IMG_2182.jpg\" style=\"margin-left: 1em; margin-right: 1em;\"><img decoding=\"async\" border=\"0\" src=\"http:\/\/3.bp.blogspot.com\/_GkK1i6dbjdc\/TExwDfy_xTI\/AAAAAAAAClw\/zAmdYv0Mlso\/s320\/IMG_2182.jpg\" \/><\/a><\/div>\n<p>Som alternativ till denna metod (att bara v\u00e4nta ut hunden) pekade hon p\u00e5 ryggs\u00e4cken (som Eva Bodf\u00e4ldt k\u00f6r med), bur eller uppbunden. Jag ska absolut k\u00f6ra fler burlekar med Lakrits f\u00f6r att ytterligare st\u00e4rka burens rolighet. Redan nu g\u00e5r han ju g\u00e4rna in frivilligt, det som beh\u00f6ver \u00f6kas \u00e4r tiden utan att det blir pip. Samma sak med stadga vid Sitt, vi ska l\u00e4gga mer fokus p\u00e5 att \u00f6ka tiden snarare \u00e4n avst\u00e5ndet till hunden.<br \/>Om man ser en tendens till bristande stadga (musklerna b\u00f6rjar sp\u00e4nnas, hunden r\u00f6r sig osv.) ska man ta till n\u00e4sta \u00f6vning, som vi fick praktisera efter lunchen:<br \/><b>Kontakt \u2013 du och jag<\/b><br \/>Man har hunden sittandes framf\u00f6r sig. Starta \u00f6vningen med n\u00e5got ljud (jag k\u00f6r nog med tit-tit, tungan mot t\u00e4nderna, som jag redan ofta anv\u00e4nt f\u00f6r att f\u00e5 Kaspers uppm\u00e4rksamhet, det k\u00e4ndes spontant r\u00e4tt). Att ha ett ljud h\u00e4r \u00e4r nog bra med tanke p\u00e5 shejping\u00f6vningar d\u00e4r man ocks\u00e5 ofta startar med hunden framf\u00f6r sig, dock utan att s\u00e4ga n\u00e5got. Det blir ett s\u00e4tt f\u00f6r Lakrits att skilja p\u00e5 \u00f6vningarna s\u00e5 han inte b\u00f6rjar testa olika beteenden h\u00e4r. Ha godisar i handen fr\u00e5n start, inte i fickan, och f\u00f6r godishanden l\u00e5ngsamt mot hunden precis i \u00f6gonkontaktens bana. Tanken \u00e4r att f\u00e5 full fokus p\u00e5 godishanden (och d\u00e4rmed f\u00f6rarens \u00f6gon) och helt ignorera omgivningen. Beh\u00f6vs det kan andra handen komma upp i stoppsignal och man kan luta sig aningen mot hunden f\u00f6r att d\u00e4mpa den. N\u00e4r hunden sitter lugn och fin ger man godiset. Det blir n\u00e4stan som lite omv\u00e4nt lockande d\u00e4r godiset uteblir om man inte sitter lugnt och fint.<br \/>Avsluta med att f\u00f6raren \u00e5terg\u00e5r till utg\u00e5ngsposition med hunden sitter kvar och v\u00e4ntar tills annat kommando ges.<br \/>N\u00e4r vi provade i praktiken var det sv\u00e5raste att t\u00e4nka p\u00e5 att inte titta ner p\u00e5 hunden n\u00e4r jag \u00e5tergick till utg\u00e5ngsposition, utan titta rakt fram. I \u00f6vrigt tycker jag att det gick j\u00e4ttebra s\u00e5 h\u00e4r f\u00f6rsta f\u00f6rs\u00f6ket.<br \/>Jag fick h\u00f6ra om de handtecken Anita anv\u00e4nder, men det l\u00e4gger jag in bland kommentarerna i det gamla inl\u00e4gget, s\u00e5 jag f\u00e5r allt s\u00e5nt p\u00e5 ett och samma st\u00e4lle.<\/p>\n<div style=\"clear: both; text-align: center;\"><a href=\"http:\/\/3.bp.blogspot.com\/_GkK1i6dbjdc\/TExxETaLJsI\/AAAAAAAACmQ\/Ig54zp3FWeA\/s1600\/IMG_2197.jpg\" style=\"margin-left: 1em; margin-right: 1em;\"><img decoding=\"async\" border=\"0\" src=\"http:\/\/3.bp.blogspot.com\/_GkK1i6dbjdc\/TExxETaLJsI\/AAAAAAAACmQ\/Ig54zp3FWeA\/s320\/IMG_2197.jpg\" \/><\/a><\/div>\n<p>Mot slutet fick valparna rejsa lite, och en del tog chansen att kolla om mj\u00f6lkbaren fortfarande var \u00f6ppen. \u00c4r ganska s\u00e4ker p\u00e5 att Lakrits var en av dem.<\/p>\n<div style=\"clear: both; text-align: center;\"><a href=\"http:\/\/4.bp.blogspot.com\/_GkK1i6dbjdc\/TExyHMahSaI\/AAAAAAAACmo\/5TTfqSD0PTo\/s1600\/IMG_2204.jpg\" style=\"margin-left: 1em; margin-right: 1em;\"><img decoding=\"async\" border=\"0\" src=\"http:\/\/4.bp.blogspot.com\/_GkK1i6dbjdc\/TExyHMahSaI\/AAAAAAAACmo\/5TTfqSD0PTo\/s320\/IMG_2204.jpg\" \/><\/a><\/div>\n<p>De fyra h\u00f6rnstenarna kontakt, lydnad, passivitet och stadga \u00e4r de saker vi nu ska tr\u00e4na vidare p\u00e5. Vi tr\u00e4ffas igen om en m\u00e5nad. P\u00e5 senh\u00f6sten ska vi sedan g\u00f6ra en FART-test i Flentrakten. Det ska bli sp\u00e4nnande.<\/p>\n<div style=\"clear: both; text-align: center;\"><a href=\"http:\/\/2.bp.blogspot.com\/_GkK1i6dbjdc\/TExx-jcZLMI\/AAAAAAAACmg\/iheKKlVYHKI\/s1600\/IMG_2202.jpg\" style=\"margin-left: 1em; margin-right: 1em;\"><img decoding=\"async\" border=\"0\" src=\"http:\/\/2.bp.blogspot.com\/_GkK1i6dbjdc\/TExx-jcZLMI\/AAAAAAAACmg\/iheKKlVYHKI\/s320\/IMG_2202.jpg\" \/><\/a><\/div>\n<p><\/p>\n<div style=\"clear: both; text-align: center;\"><a href=\"http:\/\/2.bp.blogspot.com\/_GkK1i6dbjdc\/TExyOQwaB2I\/AAAAAAAACmw\/PEzjRHTPqGk\/s1600\/IMG_2205.jpg\" style=\"margin-left: 1em; margin-right: 1em;\"><img decoding=\"async\" border=\"0\" src=\"http:\/\/2.bp.blogspot.com\/_GkK1i6dbjdc\/TExyOQwaB2I\/AAAAAAAACmw\/PEzjRHTPqGk\/s320\/IMG_2205.jpg\" \/><\/a><\/div>\n<p><i>Avst\u00e5r fr\u00e5n att ens f\u00f6rs\u00f6ka namnge m\u00e4nniskor eller hundar, det \u00e4r d\u00f6mt att bli fel. Om n\u00e5gon vill ta p\u00e5 sig uppgiften s\u00e5 h\u00f6r av er. \ud83d\ude42<\/i><br \/><i><br \/><\/i><br \/>V\u00e4l tillbaka i Liljeholmen igen fick jag bara h\u00f6ra lovord om Kasper. S\u00e5nt gl\u00e4djer ju en mattes hj\u00e4rta. Karin och Kasper hade varit p\u00e5 L\u00e5ngholmen och g\u00e5tt en l\u00e5ngpromenad och han hade g\u00e5tt fot, sk\u00f6tt sig fint vid hundm\u00f6ten och hittat p\u00e5 trix. Citat fr\u00e5n Facebook:<br \/>\u201d<span style=\"color: #990000;\">Kasper sk\u00f6ter sig fantastiskt, \u00e4r hur v\u00e4luppfostrad som helst och charmar mig s\u00f6nder och samman. Han g\u00f6r till och med tricks UTAN att man gett kommando! Antar att det \u00e4r ett uttryck f\u00f6r extremt sug efter k\u00f6ttbullar, men \u00e4nd\u00e5&#8230; gullig!\u00a0<\/span><br \/><span style=\"color: #990000;\">Vi har varit ute i skogen i tv\u00e5 timmar och nu sover han i soffan brevid mig. Hundlivet ass\u00e5. *love*<\/span>\u201d<br \/>Jamen, \u00a0det \u00e4r ju s\u00e5nt d\u00e4r vi som l\u00e5nar ut hundar vill h\u00f6ra! Det d\u00e4r med utan kommando \u00e4r antagligen ett resultat av v\u00e5r shejpingtr\u00e4ning. *grin*<\/p>\n","protected":false},"excerpt":{"rendered":"<p>Idag var det valptr\u00e4ff p\u00e5 Thorsvi. Eftersom familjen \u00e4r i Finland och Tyskland lovade sn\u00e4lla Karin att ta hand om Kasper. Jag b\u00f6rjade allts\u00e5 morgonen med att \u00e5ka till Liljeholmen och l\u00e4mna av honom. D\u00e4refter for Lakrits och jag vidare till kenneln utanf\u00f6r Enk\u00f6ping. Vi b\u00f6rjade med en inkallnings\u00f6vning d\u00e4r Anita h\u00f6ll valpen och en [&hellip;]<\/p>\n","protected":false},"author":1,"featured_media":0,"comment_status":"open","ping_status":"open","sticky":false,"template":"","format":"standard","meta":[],"categories":[10,3,139],"tags":[],"_links":{"self":[{"href":"http:\/\/www.heljesten.nu\/index.php?rest_route=\/wp\/v2\/posts\/621"}],"collection":[{"href":"http:\/\/www.heljesten.nu\/index.php?rest_route=\/wp\/v2\/posts"}],"about":[{"href":"http:\/\/www.heljesten.nu\/index.php?rest_route=\/wp\/v2\/types\/post"}],"author":[{"embeddable":true,"href":"http:\/\/www.heljesten.nu\/index.php?rest_route=\/wp\/v2\/users\/1"}],"replies":[{"embeddable":true,"href":"http:\/\/www.heljesten.nu\/index.php?rest_route=%2Fwp%2Fv2%2Fcomments&post=621"}],"version-history":[{"count":0,"href":"http:\/\/www.heljesten.nu\/index.php?rest_route=\/wp\/v2\/posts\/621\/revisions"}],"wp:attachment":[{"href":"http:\/\/www.heljesten.nu\/index.php?rest_route=%2Fwp%2Fv2%2Fmedia&parent=621"}],"wp:term":[{"taxonomy":"category","embeddable":true,"href":"http:\/\/www.heljesten.nu\/index.php?rest_route=%2Fwp%2Fv2%2Fcategories&post=621"},{"taxonomy":"post_tag","embeddable":true,"href":"http:\/\/www.heljesten.nu\/index.php?rest_route=%2Fwp%2Fv2%2Ftags&post=621"}],"curies":[{"name":"wp","href":"https:\/\/api.w.org\/{rel}","templated":true}]}}