{"id":522,"date":"2010-12-14T23:18:00","date_gmt":"2010-12-14T22:18:00","guid":{"rendered":"http:\/\/www.heljesten.nu\/?p=522"},"modified":"2010-12-14T23:18:00","modified_gmt":"2010-12-14T22:18:00","slug":"gyllene-anden-2","status":"publish","type":"post","link":"http:\/\/www.heljesten.nu\/?p=522","title":{"rendered":"Gyllene Anden"},"content":{"rendered":"<p>Bilder kommer! Har inte haft tid. Men jag m\u00e5ste ju kort ber\u00e4tta att vi var p\u00e5 Gyllene Anden, Thorsvis mock trial, i s\u00f6ndags, Lakrits och jag. Lakrits f\u00f6r att tr\u00e4na passivitet och jag f\u00f6r att fota. Kallt var det, bilen visade -7 p\u00e5 ditresan och -16 p\u00e5 hemv\u00e4gen. V\u00e4lorganiserat var det och varm, v\u00e4lbeh\u00f6vlig korv f\u00f6rgyllde dessutom mot slutet.<br \/><u>Slutresultat<\/u>:<br \/>1. T. Glenburgie (Mocca)<br \/>2. T. Glenallachie (Alliz)<br \/>3. T. Glenlossie (Extra)<br \/>4. T. Miltonduff (Skye)<br \/>5. T. Glen Spey (Speys)<\/p>\n<p>De d\u00e4r G2-orna \u00e4r bra sv\u00e5rslagna &#8230;<\/p>\n<p>Vinnaren <a href=\"http:\/\/labbar.wordpress.com\/\">\u00c5sa<\/a> har f\u00e5ngat en bild av oss.<\/p>\n<div style=\"clear: both; text-align: center;\"><a href=\"http:\/\/1.bp.blogspot.com\/_QcnV_EJ5zQM\/TQUfyJH0nGI\/AAAAAAAADB0\/r8zwQ58iOcY\/s912\/DSC03446.JPG\" style=\"clear: left; float: left; margin-bottom: 1em; margin-right: 1em;\"><img decoding=\"async\" loading=\"lazy\" border=\"0\" height=\"238\" src=\"http:\/\/1.bp.blogspot.com\/_QcnV_EJ5zQM\/TQUfyJH0nGI\/AAAAAAAADB0\/r8zwQ58iOcY\/s320\/DSC03446.JPG\" width=\"320\" \/><\/a><a href=\"http:\/\/1.bp.blogspot.com\/_QcnV_EJ5zQM\/TQUfyJH0nGI\/AAAAAAAADB0\/r8zwQ58iOcY\/s912\/DSC03446.JPG\" style=\"clear: left; float: left; margin-bottom: 1em; margin-right: 1em;\"><br \/><\/a><\/div>\n<p>Hur gick det med passiviteten d\u00e5? Jag \u00e4r ganska n\u00f6jd. Han pep aningen ibland, men h\u00f6ll sig relativt stilla och tittade uppm\u00e4rksamt p\u00e5 de \u00e4ldre hundarna som fick jobba och ha kul. Han var ljudligare mot slutet, men d\u00e5 tror jag det var kylan som gjorde att han f\u00e5tt nog. Totalt sett var det nog en lite v\u00e4l l\u00e5ng tillst\u00e4llning f\u00f6r honom, men det fanns ingen m\u00f6jlighet att plocka in honom i bilen f\u00f6r den stod f\u00f6r l\u00e5ngt bort. <br \/>Jag gick iallafall undan med honom fr\u00e5n den kalla l\u00f6ssn\u00f6n och skaren efter drygt halva grundomg\u00e5ngen. Det var lite mindre kallt p\u00e5 v\u00e4gen och d\u00e4r kunde vi r\u00f6ra oss lite emellan\u00e5t.<\/p>\n","protected":false},"excerpt":{"rendered":"<p>Bilder kommer! Har inte haft tid. Men jag m\u00e5ste ju kort ber\u00e4tta att vi var p\u00e5 Gyllene Anden, Thorsvis mock trial, i s\u00f6ndags, Lakrits och jag. Lakrits f\u00f6r att tr\u00e4na passivitet och jag f\u00f6r att fota. Kallt var det, bilen visade -7 p\u00e5 ditresan och -16 p\u00e5 hemv\u00e4gen. V\u00e4lorganiserat var det och varm, v\u00e4lbeh\u00f6vlig korv [&hellip;]<\/p>\n","protected":false},"author":1,"featured_media":0,"comment_status":"open","ping_status":"open","sticky":false,"template":"","format":"standard","meta":[],"categories":[3],"tags":[],"_links":{"self":[{"href":"http:\/\/www.heljesten.nu\/index.php?rest_route=\/wp\/v2\/posts\/522"}],"collection":[{"href":"http:\/\/www.heljesten.nu\/index.php?rest_route=\/wp\/v2\/posts"}],"about":[{"href":"http:\/\/www.heljesten.nu\/index.php?rest_route=\/wp\/v2\/types\/post"}],"author":[{"embeddable":true,"href":"http:\/\/www.heljesten.nu\/index.php?rest_route=\/wp\/v2\/users\/1"}],"replies":[{"embeddable":true,"href":"http:\/\/www.heljesten.nu\/index.php?rest_route=%2Fwp%2Fv2%2Fcomments&post=522"}],"version-history":[{"count":0,"href":"http:\/\/www.heljesten.nu\/index.php?rest_route=\/wp\/v2\/posts\/522\/revisions"}],"wp:attachment":[{"href":"http:\/\/www.heljesten.nu\/index.php?rest_route=%2Fwp%2Fv2%2Fmedia&parent=522"}],"wp:term":[{"taxonomy":"category","embeddable":true,"href":"http:\/\/www.heljesten.nu\/index.php?rest_route=%2Fwp%2Fv2%2Fcategories&post=522"},{"taxonomy":"post_tag","embeddable":true,"href":"http:\/\/www.heljesten.nu\/index.php?rest_route=%2Fwp%2Fv2%2Ftags&post=522"}],"curies":[{"name":"wp","href":"https:\/\/api.w.org\/{rel}","templated":true}]}}