{"id":519,"date":"2010-12-23T17:24:00","date_gmt":"2010-12-23T16:24:00","guid":{"rendered":"http:\/\/www.heljesten.nu\/?p=519"},"modified":"2010-12-23T17:24:00","modified_gmt":"2010-12-23T16:24:00","slug":"gardshundar-i-ett-notskal","status":"publish","type":"post","link":"http:\/\/www.heljesten.nu\/?p=519","title":{"rendered":"G\u00e5rdshundar i ett n\u00f6tskal"},"content":{"rendered":"<p>Tack till Challe och Lisa Andersson (fotograf) f\u00f6r att jag fick l\u00e5na denna bild.<br \/>Den \u00e4r verkligen talande f\u00f6r hur viktigt det \u00e4r f\u00f6r en dansk-svensk g\u00e5rdshund att f\u00e5 mysa:<\/p>\n<div style=\"clear: both; text-align: center;\"><a href=\"http:\/\/3.bp.blogspot.com\/_GkK1i6dbjdc\/TRN2_9qBV9I\/AAAAAAAAC4E\/Z5vG6JkuV0w\/s1600\/Aza_och_Mine.jpg\" style=\"margin-left: 1em; margin-right: 1em;\"><img decoding=\"async\" loading=\"lazy\" border=\"0\" height=\"240\" src=\"http:\/\/3.bp.blogspot.com\/_GkK1i6dbjdc\/TRN2_9qBV9I\/AAAAAAAAC4E\/Z5vG6JkuV0w\/s320\/Aza_och_Mine.jpg\" width=\"320\" \/><\/a><\/div>\n<div style=\"text-align: center;\"><i>Aza (underst) och lilla Mine.<\/i><\/div>\n<div style=\"text-align: center;\"><i><br \/><\/i><\/div>\n<div style=\"text-align: center;\"><span style=\"color: #660000; font-size: x-large;\">God jul till alla l\u00e4sare!\u00a0<\/span><\/div>\n<div style=\"text-align: left;\">Det har varit mycket den senaste tiden, men kanske blir det mer bloggtid i juldagarna. Kasper \u00e4ter numera Hills i\/d och har piggat p\u00e5 sig. Ska f\u00e5 hem ett fettfattigare f\u00e4rskfoder i mellandagarna som jag ska introducera lite f\u00f6rsiktigt, f\u00f6r nu betraktar han avundsjukt sin lillebror n\u00e4r Lakrits f\u00e5r \u00e4ta upp det f\u00e4rskfoder som ju egentligen var HANS.\u00a0<\/div>\n","protected":false},"excerpt":{"rendered":"<p>Tack till Challe och Lisa Andersson (fotograf) f\u00f6r att jag fick l\u00e5na denna bild.Den \u00e4r verkligen talande f\u00f6r hur viktigt det \u00e4r f\u00f6r en dansk-svensk g\u00e5rdshund att f\u00e5 mysa: Aza (underst) och lilla Mine. God jul till alla l\u00e4sare!\u00a0 Det har varit mycket den senaste tiden, men kanske blir det mer bloggtid i juldagarna. Kasper [&hellip;]<\/p>\n","protected":false},"author":1,"featured_media":0,"comment_status":"open","ping_status":"open","sticky":false,"template":"","format":"standard","meta":[],"categories":[10],"tags":[],"_links":{"self":[{"href":"http:\/\/www.heljesten.nu\/index.php?rest_route=\/wp\/v2\/posts\/519"}],"collection":[{"href":"http:\/\/www.heljesten.nu\/index.php?rest_route=\/wp\/v2\/posts"}],"about":[{"href":"http:\/\/www.heljesten.nu\/index.php?rest_route=\/wp\/v2\/types\/post"}],"author":[{"embeddable":true,"href":"http:\/\/www.heljesten.nu\/index.php?rest_route=\/wp\/v2\/users\/1"}],"replies":[{"embeddable":true,"href":"http:\/\/www.heljesten.nu\/index.php?rest_route=%2Fwp%2Fv2%2Fcomments&post=519"}],"version-history":[{"count":0,"href":"http:\/\/www.heljesten.nu\/index.php?rest_route=\/wp\/v2\/posts\/519\/revisions"}],"wp:attachment":[{"href":"http:\/\/www.heljesten.nu\/index.php?rest_route=%2Fwp%2Fv2%2Fmedia&parent=519"}],"wp:term":[{"taxonomy":"category","embeddable":true,"href":"http:\/\/www.heljesten.nu\/index.php?rest_route=%2Fwp%2Fv2%2Fcategories&post=519"},{"taxonomy":"post_tag","embeddable":true,"href":"http:\/\/www.heljesten.nu\/index.php?rest_route=%2Fwp%2Fv2%2Ftags&post=519"}],"curies":[{"name":"wp","href":"https:\/\/api.w.org\/{rel}","templated":true}]}}