{"id":513,"date":"2011-01-09T15:43:00","date_gmt":"2011-01-09T14:43:00","guid":{"rendered":"http:\/\/www.heljesten.nu\/?p=513"},"modified":"2011-01-09T15:43:00","modified_gmt":"2011-01-09T14:43:00","slug":"2010-i-backspegeln","status":"publish","type":"post","link":"http:\/\/www.heljesten.nu\/?p=513","title":{"rendered":"2010 i backspegeln"},"content":{"rendered":"<div>Vi tillbringade de f\u00f6rsta m\u00e5naderna i Sk\u00e5ne. Jag hade r\u00e4knat med barmark under delar av den tiden och hade med viltsp\u00e5rsgrejer. Icke. Det blev den dittills kallaste och sn\u00f6igaste vintern i Sk\u00e5ne p\u00e5 mannaminne och n\u00e4r Revinge hed blev alltf\u00f6r tungg\u00e5nget fick vi n\u00f6ja oss med mindre bondv\u00e4gar och utflykter till olika sydsk\u00e5nska orter.<o:p><\/o:p><\/div>\n<div>Kasper l\u00e4rde sig backa uppf\u00f6r trappa och blev b\u00e4ttre p\u00e5 att ta apportbocker under Sk\u00e5nevistelsen, tv\u00e5 saker som gick att tr\u00e4na p\u00e5 inomhus. Han tog ocks\u00e5 sitt livs f\u00f6rsta mus \u2013 duktig liten r\u00e5ttehund!<o:p><\/o:p><\/div>\n<div>Jag och Kasper b\u00f6rjade p\u00e5 Canis klickertr\u00e4narkurs. Tyv\u00e4rr blev den inte alls vad jag hoppats p\u00e5. Det har inte alls varit den atmosf\u00e4r av \u00f6ppenhet och engagemang som jag h\u00f6rt fr\u00e5n andra, utan mycket ren uppl\u00e4sning och strikt regelf\u00f6ljande. Jag tror dock jag utvecklats en del som klickertr\u00e4nare, \u00e4ven om jag brister i systematiken. <o:p><\/o:p><\/div>\n<div>Kasper och jag t\u00e4vlade i rally ungef\u00e4r fyra g\u00e5nger under \u00e5ret (har t\u00e4vlingsboken nerpackad, s\u00e5 jag kan inte s\u00e4ga exakt). Det g\u00e5r fram\u00e5t med vissa saker, som att nosandet minskat, men ligg \u00e4r inte kul om det \u00e4r kallt och bl\u00f6tt p\u00e5 marken. Vi har allts\u00e5 fortfarande inte lyckats plocka ihop 70 po\u00e4ng f\u00f6r godk\u00e4nt.<o:p><\/o:p><\/div>\n<div>Den myckna sn\u00f6n gjorde att vi kom ig\u00e5ng v\u00e4ldigt sent med viltsp\u00e5rtr\u00e4ningen, men jag lade ett par sp\u00e5r \u00e5t Kasper i slutet av v\u00e5ren. N\u00e4r vi var p\u00e5 Lesvos i juni gick str\u00f6mmen h\u00e4r hemma, varp\u00e5 allt i frysen fick sl\u00e4ngas, inklusive viltsp\u00e5rgrejerna. Efter detta har vi inte k\u00f6rt n\u00e5gon mer viltsp\u00e5rning.<o:p><\/o:p><\/div>\n<div>Den st\u00f6rsta anledningen till det \u00e4r att A2-kullen med Lakrits kom. Thorsvi Aberfeldy gjorde int\u00e5g i v\u00e5rt liv och anl\u00e4nde lagom till midsommar. <o:p><\/o:p><\/div>\n<div>Lakrits och Kasper fann varandra med det samma, \u00e4ven om Kasper nog undrade ibland n\u00e4r den d\u00e4r svarte skulle \u00e5ka hem. Jag var ensam med b\u00e5da hundarna under ett par veckor p\u00e5 sommaren och fick trixa med att Kasper skulle f\u00e5 tillr\u00e4cklig motion samtidigt som inte Lakrits skulle beh\u00f6va vara ensam f\u00f6r l\u00e4nge. L\u00f6sningen blev cykling. De fick ocks\u00e5 r\u00e4tt tidigt l\u00e4ra sig att g\u00e5 i koppel tillsammans, \u00e4ven om jag hade Lakrits l\u00f6s s\u00e5 ofta det gick.<o:p><\/o:p><\/div>\n<div>Under sommaren gick Lakrits och jag en valpkurs f\u00f6r Carina Persson (Eva Bodf\u00e4ldt). Lakrits fick tidigt tr\u00e4na p\u00e5 Klossen f\u00f6r att l\u00e4ra k\u00e4nna sin bakdel som ett led i att kunna g\u00e5 i alla v\u00e5ra trappor h\u00e4r hemma.<o:p><\/o:p><\/div>\n<div>En kul, icke-hundrelaterad, h\u00e4ndelse var att jag fick \u00e5ka XBow, ett kraftpaket som vr\u00e5lade fram p\u00e5 Barkarby flygf\u00e4lt. Tack till Rolf f\u00f6r den presenten!<o:p><\/o:p><\/div>\n<div>Mycket av tr\u00e4ningen med Lakrits har handlat om passivitet, men vi har \u00e4ven b\u00f6rjat n\u00f6ta de enklaste grunderna till n\u00e4rs\u00f6k och linjetag samt inkallnings- och stoppsignal. I b\u00f6rjan ville Lakrits inte alls leka med leksaker, \u00e4n mindre dummies. Jag har \u00e4gnat r\u00e4tt mycket tid \u00e5t att \u00f6va upp hans lekintresse, bytt leksak mot godis osv. Idag kan man inte tro att det var s\u00e5, f\u00f6r han h\u00e4mtar med gl\u00e4dje in de bl\u00f6taste dummies och bollar.<o:p><\/o:p><\/div>\n<div>Dumt nog hade jag missat att h\u00e5lla reda p\u00e5 sista \u00e5tervaccineringsdagen f\u00f6r Kaspers rabiesskydd. Nu \u00e4r b\u00e4gge iallafall vaccinerade och vi v\u00e4ntar p\u00e5 att det ska bli dags att r\u00e4kna antikroppar.<o:p><\/o:p><\/div>\n<div>Under h\u00f6sten utbildade jag mig till B-figurant f\u00f6r MH och har ocks\u00e5 hunnit delta i skarpt l\u00e4ge vid ett MH p\u00e5 klubben. <o:p><\/o:p><\/div>\n<div>Jag var i Holland ett par dagar, en trevlig vistelse med b\u00e5de gamla och nya bekantskaper, fest hos Ans och bes\u00f6k i Utrecht och Delft.<o:p><\/o:p><\/div>\n<div>Sn\u00f6n inte bara l\u00e5g l\u00e4nge i v\u00e5ras, den kom ocks\u00e5 tidigt p\u00e5 h\u00f6sts\u00e4songen. N\u00e4r det var dags f\u00f6r FART-test av Lakrits l\u00e5g sn\u00f6n redan och det var rej\u00e4lt kallt. Med mig d\u00e4rifr\u00e5n fick jag framf\u00f6r allt att vi beh\u00f6ver tr\u00e4na mer passivitet f\u00f6r att f\u00e5 bort gn\u00e4llet samt att han visade vilja att beh\u00e5lla den lilla apporten vid gropen. Det tror jag ocks\u00e5 handlade om att mer passivitet beh\u00f6vs \u2013 hemma beter han sig inte s\u00e5 n\u00e4r han ska l\u00e4mna av, utan jag tror att det var den uppskruvade situationen som gjorde detta. Vi tr\u00e4nade en hel del avl\u00e4mning med stor apport med strumpa \u00f6ver efter\u00e5t, och det gick alldeles utm\u00e4rkt.<o:p><\/o:p><\/div>\n<div>Lakrits och jag var med p\u00e5 Thorsvis Gyllene Anden i form av fotograf och passivitetstr\u00e4ning. <o:p><\/o:p><\/div>\n<div>\u00c5ret avslutades med att Kasper blev sjuk och s\u00e5 sm\u00e5ningom fastst\u00e4lldes diagnosen pankreatit. Att ha en hund som inte bildar enzym f\u00f6r att bryta ner fett och d\u00e4rmed m\u00e5ste leva p\u00e5 en fettfattig kost k\u00e4nns r\u00e4tt ironiskt n\u00e4r man \u00e4r lchf:are, men vi jobbar nu p\u00e5 att hitta nya matrutiner. Det b\u00f6rjar k\u00e4nnas som att kombinationen torrfodret Hill\u2019s i\/d och f\u00e4rskfodret Bravo Special kan fungera, men det b\u00f6r v\u00e4l g\u00e5 lite l\u00e4ngre tid innan vi vet det s\u00e4kert. Att hitta ett bra tr\u00e4ningsgodis som b\u00e5de \u00e4r intressant nog och som funkar f\u00f6r magen blir ett fall f\u00f6r v\u00e5ren. Just nu ligger tr\u00e4ningen med Kasper i princip nere och han f\u00e5r leva ett r\u00e4tt kravl\u00f6st liv.<o:p><\/o:p><\/div>\n<div><\/div>\n","protected":false},"excerpt":{"rendered":"<p>Vi tillbringade de f\u00f6rsta m\u00e5naderna i Sk\u00e5ne. Jag hade r\u00e4knat med barmark under delar av den tiden och hade med viltsp\u00e5rsgrejer. Icke. Det blev den dittills kallaste och sn\u00f6igaste vintern i Sk\u00e5ne p\u00e5 mannaminne och n\u00e4r Revinge hed blev alltf\u00f6r tungg\u00e5nget fick vi n\u00f6ja oss med mindre bondv\u00e4gar och utflykter till olika sydsk\u00e5nska orter. Kasper [&hellip;]<\/p>\n","protected":false},"author":1,"featured_media":0,"comment_status":"open","ping_status":"open","sticky":false,"template":"","format":"standard","meta":[],"categories":[10,3],"tags":[],"_links":{"self":[{"href":"http:\/\/www.heljesten.nu\/index.php?rest_route=\/wp\/v2\/posts\/513"}],"collection":[{"href":"http:\/\/www.heljesten.nu\/index.php?rest_route=\/wp\/v2\/posts"}],"about":[{"href":"http:\/\/www.heljesten.nu\/index.php?rest_route=\/wp\/v2\/types\/post"}],"author":[{"embeddable":true,"href":"http:\/\/www.heljesten.nu\/index.php?rest_route=\/wp\/v2\/users\/1"}],"replies":[{"embeddable":true,"href":"http:\/\/www.heljesten.nu\/index.php?rest_route=%2Fwp%2Fv2%2Fcomments&post=513"}],"version-history":[{"count":0,"href":"http:\/\/www.heljesten.nu\/index.php?rest_route=\/wp\/v2\/posts\/513\/revisions"}],"wp:attachment":[{"href":"http:\/\/www.heljesten.nu\/index.php?rest_route=%2Fwp%2Fv2%2Fmedia&parent=513"}],"wp:term":[{"taxonomy":"category","embeddable":true,"href":"http:\/\/www.heljesten.nu\/index.php?rest_route=%2Fwp%2Fv2%2Fcategories&post=513"},{"taxonomy":"post_tag","embeddable":true,"href":"http:\/\/www.heljesten.nu\/index.php?rest_route=%2Fwp%2Fv2%2Ftags&post=513"}],"curies":[{"name":"wp","href":"https:\/\/api.w.org\/{rel}","templated":true}]}}