{"id":512,"date":"2011-01-10T10:34:00","date_gmt":"2011-01-10T09:34:00","guid":{"rendered":"http:\/\/www.heljesten.nu\/?p=512"},"modified":"2011-01-10T10:34:00","modified_gmt":"2011-01-10T09:34:00","slug":"traningsinriktning-2011","status":"publish","type":"post","link":"http:\/\/www.heljesten.nu\/?p=512","title":{"rendered":"Tr\u00e4ningsinriktning 2011"},"content":{"rendered":"<div style=\"line-height: normal; margin-bottom: .0001pt; margin-bottom: 0cm;\"><b><span style=\"color: #38761d; font-family: \"Verdana\",\"sans-serif\"; font-size: 9.0pt; mso-bidi-font-family: \"Times New Roman\"; mso-fareast-font-family: \"Times New Roman\"; mso-fareast-language: SV;\">M\u00e5l f\u00f6r mig 2011:<\/span><\/b><span style=\"color: #333333; font-family: \"Verdana\",\"sans-serif\"; font-size: 9.0pt; mso-bidi-font-family: \"Times New Roman\"; mso-fareast-font-family: \"Times New Roman\"; mso-fareast-language: SV;\"><br \/>L\u00e4ra mig <b style=\"mso-bidi-font-weight: normal;\">grunderna i jaktlydnad och apportering<\/b>.<br \/><span style=\"mso-bidi-font-weight: bold;\">G\u00e5 <b>Sikta mot stj\u00e4rnorna<\/b> f\u00f6r Eva Bodf\u00e4ldt och f\u00e5 lite grepp om lydnadstr\u00e4ning<\/span>.<\/p>\n<p><\/span><b><span style=\"color: #38761d; font-family: \"Verdana\",\"sans-serif\"; font-size: 9.0pt; mso-bidi-font-family: \"Times New Roman\"; mso-fareast-font-family: \"Times New Roman\"; mso-fareast-language: SV;\">M\u00e5l f\u00f6r Kasper 2011:<\/span><\/b><span style=\"color: #333333; font-family: \"Verdana\",\"sans-serif\"; font-size: 9.0pt; mso-bidi-font-family: \"Times New Roman\"; mso-fareast-font-family: \"Times New Roman\"; mso-fareast-language: SV;\"><br \/><span style=\"mso-bidi-font-weight: bold;\">Komma ig\u00e5ng med<b> viltsp\u00e5rningen <\/b>igen<\/span>\u00a0och tr\u00e4na bort att han g\u00e5r p\u00e5 f\u00e4rskvilt.<br \/><b>T\u00e4vla i rallylydnad<\/b>, nyb\u00f6rjarklass, med godk\u00e4nd po\u00e4ng minst en g\u00e5ng under \u00e5ret. Rally blir officiell gren fr\u00e5n 1 juli 2011.<o:p><\/o:p><\/span><\/div>\n<div style=\"line-height: normal; margin-bottom: .0001pt; margin-bottom: 0cm;\"><span style=\"color: #333333; font-family: \"Verdana\",\"sans-serif\"; font-size: 9.0pt; mso-bidi-font-family: \"Times New Roman\"; mso-fareast-font-family: \"Times New Roman\"; mso-fareast-language: SV;\">L\u00e4ra sig alla moment i <b style=\"mso-bidi-font-weight: normal;\">rally forts\u00e4ttningsklass<\/b>. Vi har tr\u00e4nat n\u00e5gon g\u00e5ng p\u00e5 flertalet moment under h\u00f6sten 2010, men inte s\u00e5 att det sitter ordentligt \u00e4nnu.<br \/>\u00d6ver huvud taget <b style=\"mso-bidi-font-weight: normal;\">komma ig\u00e5ng och tr\u00e4na igen<\/b> n\u00e4r jag k\u00e4nner att han stabiliserats i magen med tanke p\u00e5 diagnosen pankreatit. Hitta <b style=\"mso-bidi-font-weight: normal;\">nya fungerande bel\u00f6ningar<\/b>.<\/p>\n<p><\/span><b><span style=\"color: #38761d; font-family: \"Verdana\",\"sans-serif\"; font-size: 9.0pt; mso-bidi-font-family: \"Times New Roman\"; mso-fareast-font-family: \"Times New Roman\"; mso-fareast-language: SV;\">M\u00e5l f\u00f6r Lakrits 2011:<\/span><\/b><span style=\"color: #333333; font-family: \"Verdana\",\"sans-serif\"; font-size: 9.0pt; mso-bidi-font-family: \"Times New Roman\"; mso-fareast-font-family: \"Times New Roman\"; mso-fareast-language: SV;\"><br \/><span style=\"mso-bidi-font-weight: bold;\">L\u00e4ra sig<b> grunderna i jaktlydnad och apportering.<\/b> Vi f\u00e5r s\u00e4kert god hj\u00e4lp genom jaktlydnadskursen som Anita N har i v\u00e5r. <o:p><\/o:p><\/span><\/span><\/div>\n<div style=\"line-height: normal; margin-bottom: .0001pt; margin-bottom: 0cm;\"><span style=\"color: #333333; font-family: \"Verdana\",\"sans-serif\"; font-size: 9.0pt; mso-bidi-font-family: \"Times New Roman\"; mso-bidi-font-weight: bold; mso-fareast-font-family: \"Times New Roman\"; mso-fareast-language: SV;\">L\u00e4ra sig lite <b>lydnadsgrunder<\/b>. Vi ska g\u00e5 Sikta mot stj\u00e4rnorna tillsammans i v\u00e5r.<o:p><\/o:p><\/span><\/div>\n<div style=\"line-height: normal; margin-bottom: .0001pt; margin-bottom: 0cm;\"><span style=\"color: #333333; font-family: \"Verdana\",\"sans-serif\"; font-size: 9.0pt; mso-bidi-font-family: \"Times New Roman\"; mso-bidi-font-weight: bold; mso-fareast-font-family: \"Times New Roman\"; mso-fareast-language: SV;\">Bli \u00e4nnu b\u00e4ttre p\u00e5 <b>passivitet<\/b>. Han har kommit en bra bit p\u00e5 v\u00e4g 2010, men beh\u00f6ver tr\u00e4na mera och bli riktigt tyst.<o:p><\/o:p><\/span><\/div>\n<div style=\"line-height: normal; margin-bottom: .0001pt; margin-bottom: 0cm;\"><span style=\"color: #333333; font-family: \"Verdana\",\"sans-serif\"; font-size: 9.0pt; mso-bidi-font-family: \"Times New Roman\"; mso-bidi-font-weight: bold; mso-fareast-font-family: \"Times New Roman\"; mso-fareast-language: SV;\">Kanske <b>nosa lite p\u00e5 viltsp\u00e5r<\/b>, om jag \u00e4nd\u00e5 b\u00f6rjar l\u00e4gga sp\u00e5r \u00e5t Kasper igen.<o:p><\/o:p><\/span><\/div>\n<div style=\"line-height: normal; margin-bottom: .0001pt; margin-bottom: 0cm;\"><\/div>\n<p><span style=\"color: #333333; font-family: \"Verdana\",\"sans-serif\"; font-size: 9.0pt; line-height: 115%; mso-ansi-language: SV; mso-bidi-font-family: \"Times New Roman\"; mso-bidi-language: AR-SA; mso-fareast-font-family: \"Times New Roman\"; mso-fareast-language: SV;\">Hittade <a href=\"http:\/\/skogsstjrna.blogspot.com\/2010\/01\/traningsinriktning-2010.html\">f\u00f6rra \u00e5rets lista \u00f6ver m\u00e5l<\/a>. Dags att kommentera dem:<br style=\"mso-special-character: line-break;\" \/> <!--[if !supportLineBreakNewLine]--><\/p>\n<div style=\"line-height: normal; margin-bottom: .0001pt; margin-bottom: 0cm;\"><\/div>\n<div style=\"line-height: normal; margin-bottom: .0001pt; margin-bottom: 0cm;\"><b><span style=\"color: #38761d; font-family: \"Verdana\",\"sans-serif\"; font-size: 9.0pt; mso-bidi-font-family: \"Times New Roman\"; mso-fareast-font-family: \"Times New Roman\"; mso-fareast-language: SV;\">M\u00e5l f\u00f6r mig 2010:<\/span><\/b><span style=\"color: #333333; font-family: \"Verdana\",\"sans-serif\"; font-size: 9.0pt; mso-bidi-font-family: \"Times New Roman\"; mso-fareast-font-family: \"Times New Roman\"; mso-fareast-language: SV;\"><br \/>Bli en\u00a0<b>duktigare klickertr\u00e4nare\u00a0<\/b>och en b\u00e4ttre systematik i lydnadstr\u00e4ningen. Hoppas mycket p\u00e5 Canis klickertr\u00e4narkurs. <i style=\"mso-bidi-font-style: normal;\">Tyv\u00e4rr blev inte Canis klickerkurs alls vad jag hoppats p\u00e5. Det har inte alls varit den atmosf\u00e4r av \u00f6ppenhet och engagemang som jag h\u00f6rt fr\u00e5n andra, utan mycket uppl\u00e4sning och strikt regelf\u00f6ljande. \u00d6vriga i gruppen h\u00e5ller med. Jag tror dock jag utvecklats en del som klickertr\u00e4nare, \u00e4ven om jag brister i systematiken.<\/i><br \/>L\u00e4gga en\u00a0<b>god grund inf\u00f6r en ny valp<\/b>, och att kunna hantera tv\u00e5 hundar p\u00e5 ett bra s\u00e4tt. <i style=\"mso-bidi-font-style: normal;\">Nya valpen Thorsvi Aberfeldy (Lakrits) har kommit in i familjen j\u00e4ttebra, och att vara ensam hemma med b\u00e5da hundarna n\u00e5gra veckor i somras funkade suver\u00e4nt. Jag har kommit en bit p\u00e5 v\u00e4g i att tr\u00e4na b\u00e4gge samtidigt (en i passivitet, en i aktivitet) och det g\u00e5r att g\u00e5 koppelpromenader med b\u00e4gge samtidigt. De fungerar \u00f6verhuvudtaget v\u00e4l tillsammans i vardagen.<\/i><\/p>\n<p><\/span><b><span style=\"color: #38761d; font-family: \"Verdana\",\"sans-serif\"; font-size: 9.0pt; mso-bidi-font-family: \"Times New Roman\"; mso-fareast-font-family: \"Times New Roman\"; mso-fareast-language: SV;\">M\u00e5l f\u00f6r Kasper 2010:<\/span><\/b><span style=\"color: #333333; font-family: \"Verdana\",\"sans-serif\"; font-size: 9.0pt; mso-bidi-font-family: \"Times New Roman\"; mso-fareast-font-family: \"Times New Roman\"; mso-fareast-language: SV;\"><br \/><b>F\u00e5 ordning p\u00e5 viltsp\u00e5rningen<\/b>\u00a0s\u00e5 han inte g\u00e5r p\u00e5 f\u00e4rskvilt. D\u00e4refter starta i fler t\u00e4vlingar, \u00f6ppen klass. M\u00e5l: championat (kr\u00e4vs tv\u00e5 ettor till). <i style=\"mso-bidi-font-style: normal;\">P\u00e5 grund av sen v\u00e5r blev det bara en eller ett par viltsp\u00e5rstr\u00e4ningar. Sedan kom Lakrits, och d\u00e5 har det inte blivit mer viltsp\u00e5rande. Allt i frysen tinade dessutom och fick sl\u00e4ngas n\u00e4r vi var p\u00e5 Lesvos, har inte skaffat nya kl\u00f6var efter det.<\/i><br \/><b>T\u00e4vla i rallylydnad<\/b>, nyb\u00f6rjarklass, minst en g\u00e5ng under \u00e5ret. <i style=\"mso-bidi-font-style: normal;\">Vi har t\u00e4vlat i rally cirka fyra g\u00e5nger under \u00e5ret, dock \u00e4nnu inte kommit upp i 70 po\u00e4ng. Jag har dock b\u00f6rjat f\u00e5 ordning p\u00e5 Kaspers nosande och sista g\u00e5ngen missade vi p\u00e5 tv\u00e5 Ligg d\u00e4r han enligt domaren inte l\u00e5g ner ordentligt.<\/i><br \/>Bli b\u00e4ttre p\u00e5 momenten i\u00a0<b>vanlig lydnad<\/b>\u00a0(klickertr\u00e4narkursen, tr\u00e4ningsl\u00e4gret i Norberg). <i style=\"mso-bidi-font-style: normal;\">Tr\u00e4ningsl\u00e4gret blev inst\u00e4llt pga. f\u00f6r f\u00e5 deltagare och vi har inte tr\u00e4nat s\u00e4rskilt mycket rena lydnadsmoment.<\/i><br \/>G\u00e4rna nosa lite mer p\u00e5\u00a0<b>s\u00f6k<\/b>\u00a0(tr\u00e4ningsl\u00e4gret i Norberg). <i style=\"mso-bidi-font-style: normal;\">Blev aldrig av.<\/i><br \/>Mer\u00a0<b>burtr\u00e4ning<\/b>\u00a0(burlekar) <i style=\"mso-bidi-font-style: normal;\">Har tr\u00e4nat bur med b\u00e5da hundarna vid n\u00e5gra tillf\u00e4llen p\u00e5 sensommaren, bl.a. p\u00e5 VaBK. Gick bra, men flygburen \u00e4r otymplig.<\/i><br \/>Mer\u00a0<b>st\u00f6rningstr\u00e4ning<\/b>\u00a0\u2013 i alla sammanhang: allt fr\u00e5n inkallning, att g\u00e5 fint l\u00f6s hos mig till liggande i grupp osv. <i style=\"mso-bidi-font-style: normal;\">Detta har tr\u00e4nats framf\u00f6r allt i rallysammanhang (forts\u00e4ttningsklassens moment som g\u00f6rs utan koppel) och \u00e4ven i viss m\u00e5n tillsammans med Lakrits.<\/i><o:p><\/o:p><\/span><\/div>\n<p><!--[endif]--><\/span><\/p>\n","protected":false},"excerpt":{"rendered":"<p>M\u00e5l f\u00f6r mig 2011:L\u00e4ra mig grunderna i jaktlydnad och apportering.G\u00e5 Sikta mot stj\u00e4rnorna f\u00f6r Eva Bodf\u00e4ldt och f\u00e5 lite grepp om lydnadstr\u00e4ning. M\u00e5l f\u00f6r Kasper 2011:Komma ig\u00e5ng med viltsp\u00e5rningen igen\u00a0och tr\u00e4na bort att han g\u00e5r p\u00e5 f\u00e4rskvilt.T\u00e4vla i rallylydnad, nyb\u00f6rjarklass, med godk\u00e4nd po\u00e4ng minst en g\u00e5ng under \u00e5ret. Rally blir officiell gren fr\u00e5n 1 juli [&hellip;]<\/p>\n","protected":false},"author":1,"featured_media":0,"comment_status":"open","ping_status":"open","sticky":false,"template":"","format":"standard","meta":[],"categories":[10,3],"tags":[],"_links":{"self":[{"href":"http:\/\/www.heljesten.nu\/index.php?rest_route=\/wp\/v2\/posts\/512"}],"collection":[{"href":"http:\/\/www.heljesten.nu\/index.php?rest_route=\/wp\/v2\/posts"}],"about":[{"href":"http:\/\/www.heljesten.nu\/index.php?rest_route=\/wp\/v2\/types\/post"}],"author":[{"embeddable":true,"href":"http:\/\/www.heljesten.nu\/index.php?rest_route=\/wp\/v2\/users\/1"}],"replies":[{"embeddable":true,"href":"http:\/\/www.heljesten.nu\/index.php?rest_route=%2Fwp%2Fv2%2Fcomments&post=512"}],"version-history":[{"count":0,"href":"http:\/\/www.heljesten.nu\/index.php?rest_route=\/wp\/v2\/posts\/512\/revisions"}],"wp:attachment":[{"href":"http:\/\/www.heljesten.nu\/index.php?rest_route=%2Fwp%2Fv2%2Fmedia&parent=512"}],"wp:term":[{"taxonomy":"category","embeddable":true,"href":"http:\/\/www.heljesten.nu\/index.php?rest_route=%2Fwp%2Fv2%2Fcategories&post=512"},{"taxonomy":"post_tag","embeddable":true,"href":"http:\/\/www.heljesten.nu\/index.php?rest_route=%2Fwp%2Fv2%2Ftags&post=512"}],"curies":[{"name":"wp","href":"https:\/\/api.w.org\/{rel}","templated":true}]}}