{"id":507,"date":"2011-01-22T10:40:00","date_gmt":"2011-01-22T09:40:00","guid":{"rendered":"http:\/\/www.heljesten.nu\/?p=507"},"modified":"2011-01-22T10:40:00","modified_gmt":"2011-01-22T09:40:00","slug":"avelsforfragan","status":"publish","type":"post","link":"http:\/\/www.heljesten.nu\/?p=507","title":{"rendered":"Avelsf\u00f6rfr\u00e5gan"},"content":{"rendered":"<p>H\u00e4pp!<br \/>Idag ringde en person som var intresserad av att avla p\u00e5 Kasper.<br \/>Nu g\u00e5r ju inte det eftersom han<br \/>a) \u00e4r kastrerad<br \/>b) har tandfel<br \/>c) har pankreatit<\/p>\n<p>Men det v\u00e4cker fr\u00e5gan hos mig hur man egentligen hittar fram till hundar som man vill avla p\u00e5. Jag pratade inte l\u00e4nge med henne, men hon n\u00e4mnde att stamtavlan var intressant. Det f\u00e5r v\u00e4l Kennel G\u00f6t\u00e4ngens och Kitenga ta \u00e5t sig \u00e4ran f\u00f6r. \ud83d\ude42<\/p>\n<p>Av f\u00f6r mig ok\u00e4nd anledning st\u00e5r det nog inte i Hunddata att Kasper \u00e4r kastrerad, trodde att veterin\u00e4ren skulle skicka in s\u00e5dana uppgifter per automatik. Att han har tandfel och pankreatit \u00e4r inrapporterat till rasklubben, men jag vet ju inte hur uppgifterna d\u00e4r anv\u00e4nds eller sprids sedan.<\/p>\n<p>Kasper ligger och bl\u00e4nger. Matte har f\u00f6rv\u00e4grat honom n\u00e5got mycket intressant.<\/p>\n","protected":false},"excerpt":{"rendered":"<p>H\u00e4pp!Idag ringde en person som var intresserad av att avla p\u00e5 Kasper.Nu g\u00e5r ju inte det eftersom hana) \u00e4r kastreradb) har tandfelc) har pankreatit Men det v\u00e4cker fr\u00e5gan hos mig hur man egentligen hittar fram till hundar som man vill avla p\u00e5. Jag pratade inte l\u00e4nge med henne, men hon n\u00e4mnde att stamtavlan var intressant. [&hellip;]<\/p>\n","protected":false},"author":1,"featured_media":0,"comment_status":"open","ping_status":"open","sticky":false,"template":"","format":"standard","meta":[],"categories":[10],"tags":[],"_links":{"self":[{"href":"http:\/\/www.heljesten.nu\/index.php?rest_route=\/wp\/v2\/posts\/507"}],"collection":[{"href":"http:\/\/www.heljesten.nu\/index.php?rest_route=\/wp\/v2\/posts"}],"about":[{"href":"http:\/\/www.heljesten.nu\/index.php?rest_route=\/wp\/v2\/types\/post"}],"author":[{"embeddable":true,"href":"http:\/\/www.heljesten.nu\/index.php?rest_route=\/wp\/v2\/users\/1"}],"replies":[{"embeddable":true,"href":"http:\/\/www.heljesten.nu\/index.php?rest_route=%2Fwp%2Fv2%2Fcomments&post=507"}],"version-history":[{"count":0,"href":"http:\/\/www.heljesten.nu\/index.php?rest_route=\/wp\/v2\/posts\/507\/revisions"}],"wp:attachment":[{"href":"http:\/\/www.heljesten.nu\/index.php?rest_route=%2Fwp%2Fv2%2Fmedia&parent=507"}],"wp:term":[{"taxonomy":"category","embeddable":true,"href":"http:\/\/www.heljesten.nu\/index.php?rest_route=%2Fwp%2Fv2%2Fcategories&post=507"},{"taxonomy":"post_tag","embeddable":true,"href":"http:\/\/www.heljesten.nu\/index.php?rest_route=%2Fwp%2Fv2%2Ftags&post=507"}],"curies":[{"name":"wp","href":"https:\/\/api.w.org\/{rel}","templated":true}]}}