{"id":4346,"date":"2015-09-21T14:57:47","date_gmt":"2015-09-21T12:57:47","guid":{"rendered":"http:\/\/www.heljesten.nu\/?p=4346"},"modified":"2015-09-21T14:57:47","modified_gmt":"2015-09-21T12:57:47","slug":"b-prov-ekl-pa-lilla-traskaten","status":"publish","type":"post","link":"http:\/\/www.heljesten.nu\/?p=4346","title":{"rendered":"B-prov ekl p\u00e5 Lilla Tr\u00e4skaten"},"content":{"rendered":"<p><a href=\"http:\/\/www.heljesten.nu\/wp-content\/uploads\/2015\/09\/inf\u00f6r_start.jpg\"><img decoding=\"async\" loading=\"lazy\" class=\"aligncenter size-medium wp-image-4348\" src=\"http:\/\/www.heljesten.nu\/wp-content\/uploads\/2015\/09\/inf\u00f6r_start-225x300.jpg\" alt=\"inf\u00f6r_start\" width=\"225\" height=\"300\" srcset=\"http:\/\/www.heljesten.nu\/wp-content\/uploads\/2015\/09\/inf\u00f6r_start-225x300.jpg 225w, http:\/\/www.heljesten.nu\/wp-content\/uploads\/2015\/09\/inf\u00f6r_start-676x901.jpg 676w, http:\/\/www.heljesten.nu\/wp-content\/uploads\/2015\/09\/inf\u00f6r_start.jpg 720w\" sizes=\"(max-width: 225px) 100vw, 225px\" \/><\/a>Ig\u00e5r 20 sep \u00e5kte Mona och jag till B-provet i \u00c4rla (Lilla Tr\u00e4skaten) f\u00f6r att\u00a0starta i elitklass i B-prov. Min f\u00f6rsta start i ekl. Flertalet foton \u00e4r tagna av Mona Kronqvist, tack f\u00f6r dem!<\/p>\n<p>Mona startade i f\u00f6rsta par, s\u00e5 vi var p\u00e5 plats i god tid f\u00f6r att rasta och f\u00f6rbereda oss. Tyv\u00e4rr gick det inte s\u00e5 bra f\u00f6r Mixa denna g\u00e5ng, b\u00e4ttre lycka n\u00e4sta g\u00e5ng!<\/p>\n<p><a href=\"http:\/\/www.heljesten.nu\/wp-content\/uploads\/2015\/09\/start.jpg\"><img decoding=\"async\" loading=\"lazy\" class=\"aligncenter size-medium wp-image-4349\" src=\"http:\/\/www.heljesten.nu\/wp-content\/uploads\/2015\/09\/start-300x225.jpg\" alt=\"start\" width=\"300\" height=\"225\" srcset=\"http:\/\/www.heljesten.nu\/wp-content\/uploads\/2015\/09\/start-300x225.jpg 300w, http:\/\/www.heljesten.nu\/wp-content\/uploads\/2015\/09\/start.jpg 480w\" sizes=\"(max-width: 300px) 100vw, 300px\" \/><\/a>Lakrits startade i fj\u00e4rde par direkt efter lunch. Nu var den l\u00e5ga solen Mona brottats med borta, men det var fortfarande i princip vindstilla, och s\u00e4kert minst 20 grader varmt. Ja, mer i solen ute p\u00e5 s\u00f6ket. Det var som en het sommardag i denna gryta, och alla hundar fl\u00e4mtade snart r\u00e4tt rej\u00e4lt. Underbart med tanke p\u00e5 att vi \u00e4r i slutet av september!<\/p>\n<p><a href=\"http:\/\/www.heljesten.nu\/wp-content\/uploads\/2015\/09\/dubbelmarkeringar.jpg\"><img decoding=\"async\" loading=\"lazy\" class=\"aligncenter size-medium wp-image-4347\" src=\"http:\/\/www.heljesten.nu\/wp-content\/uploads\/2015\/09\/dubbelmarkeringar-300x225.jpg\" alt=\"dubbelmarkeringar\" width=\"300\" height=\"225\" srcset=\"http:\/\/www.heljesten.nu\/wp-content\/uploads\/2015\/09\/dubbelmarkeringar-300x225.jpg 300w, http:\/\/www.heljesten.nu\/wp-content\/uploads\/2015\/09\/dubbelmarkeringar-676x507.jpg 676w, http:\/\/www.heljesten.nu\/wp-content\/uploads\/2015\/09\/dubbelmarkeringar.jpg 960w\" sizes=\"(max-width: 300px) 100vw, 300px\" \/><\/a>Vi fick inleda med en dubbelmarkering p\u00e5 linje i tovig skvattrammark. Lakrits tog in den yttersta f\u00f6rst, vilket f\u00f6rsv\u00e5rade f\u00f6r oss, i synnerhet som jag felbed\u00f6mt djupet p\u00e5 b\u00e5da tv\u00e5. Jag visste att han tagit in den yttre men skickade honom \u00e4nd\u00e5 f\u00f6r djupt i tron att b\u00e5da l\u00e5g l\u00e4ngre ut \u00e4n de gjorde. Detta ledde till att vi fick kalla in utan den andra apporten. Sn\u00f6pligt! Jag m\u00e5ste sk\u00e4rpa mig p\u00e5 att h\u00e5lla koll p\u00e5 var markeringarna hamnar, \u00e4ven om terr\u00e4ngen \u00e4r s\u00e5 h\u00e4r knepig.<\/p>\n<p><a href=\"http:\/\/www.heljesten.nu\/wp-content\/uploads\/2015\/09\/s\u00f6ket.jpg\"><img decoding=\"async\" loading=\"lazy\" class=\"aligncenter size-medium wp-image-4350\" src=\"http:\/\/www.heljesten.nu\/wp-content\/uploads\/2015\/09\/s\u00f6ket-300x225.jpg\" alt=\"s\u00f6ket\" width=\"300\" height=\"225\" srcset=\"http:\/\/www.heljesten.nu\/wp-content\/uploads\/2015\/09\/s\u00f6ket-300x225.jpg 300w, http:\/\/www.heljesten.nu\/wp-content\/uploads\/2015\/09\/s\u00f6ket-676x507.jpg 676w, http:\/\/www.heljesten.nu\/wp-content\/uploads\/2015\/09\/s\u00f6ket.jpg 960w\" sizes=\"(max-width: 300px) 100vw, 300px\" \/><\/a>N\u00e4r parkamraten ocks\u00e5 gjort sin dubbelmarkering gick vi ut till stigen f\u00f6r att p\u00e5b\u00f6rja s\u00f6ket p\u00e5 andra sidan. Jag b\u00f6rjade med att ta in en snabb och sedan s\u00f6kte han l\u00e4nge runt, runt i ungef\u00e4r samma omr\u00e5de utan att hitta n\u00e5gon mer. Domaren bad oss vila och skicka n\u00e4sta. D\u00e4refter blev det v\u00e5r tur igen och nu s\u00f6kte han b\u00e4ttre och fick in tv\u00e5 till. Parkamratens tur att s\u00f6ka vidare och vi bytte stigsida igen f\u00f6r att ta in en dirigering snett till v\u00e4nster om hur v\u00e5ra markeringar g\u00e5tt.<\/p>\n<p><a href=\"http:\/\/www.heljesten.nu\/wp-content\/uploads\/2015\/09\/dirigering.jpg\"><img decoding=\"async\" loading=\"lazy\" class=\"aligncenter size-medium wp-image-4351\" src=\"http:\/\/www.heljesten.nu\/wp-content\/uploads\/2015\/09\/dirigering-300x225.jpg\" alt=\"dirigering\" width=\"300\" height=\"225\" srcset=\"http:\/\/www.heljesten.nu\/wp-content\/uploads\/2015\/09\/dirigering-300x225.jpg 300w, http:\/\/www.heljesten.nu\/wp-content\/uploads\/2015\/09\/dirigering-676x507.jpg 676w, http:\/\/www.heljesten.nu\/wp-content\/uploads\/2015\/09\/dirigering.jpg 960w\" sizes=\"(max-width: 300px) 100vw, 300px\" \/><\/a><a href=\"http:\/\/www.heljesten.nu\/wp-content\/uploads\/2015\/09\/dir_avl\u00e4mning.jpg\"><img decoding=\"async\" loading=\"lazy\" class=\"aligncenter size-medium wp-image-4352\" src=\"http:\/\/www.heljesten.nu\/wp-content\/uploads\/2015\/09\/dir_avl\u00e4mning-225x300.jpg\" alt=\"dir_avl\u00e4mning\" width=\"225\" height=\"300\" srcset=\"http:\/\/www.heljesten.nu\/wp-content\/uploads\/2015\/09\/dir_avl\u00e4mning-225x300.jpg 225w, http:\/\/www.heljesten.nu\/wp-content\/uploads\/2015\/09\/dir_avl\u00e4mning-676x901.jpg 676w, http:\/\/www.heljesten.nu\/wp-content\/uploads\/2015\/09\/dir_avl\u00e4mning.jpg 720w\" sizes=\"(max-width: 225px) 100vw, 225px\" \/><\/a>Jag fick bl\u00e5sa ett par g\u00e5nger d\u00e5 han inte h\u00f6ll en rak linje, men han hittade apporten relativt fort.<\/p>\n<p>Tillbaka till s\u00f6ket. Nu fick b\u00e5da ekipagen g\u00e5 ut kanske 20 m i skvattramen som verkligen var h\u00f6g och sv\u00e5rforcerad. F\u00f6rst\u00e5r att hundarna hade det jobbigt, i synnerhet som skvattram doftar en del och det knappt fanns n\u00e5gon vind. Vi skickade p\u00e5 nytt och Lakrits tog in en till. Med det n\u00f6jde sig domaren och vi fick g\u00e5 ner till vattnet.<\/p>\n<p><a href=\"http:\/\/www.heljesten.nu\/wp-content\/uploads\/2015\/09\/vatten-1.jpg\"><img decoding=\"async\" loading=\"lazy\" class=\"aligncenter size-medium wp-image-4354\" src=\"http:\/\/www.heljesten.nu\/wp-content\/uploads\/2015\/09\/vatten-1-300x169.jpg\" alt=\"vatten-1\" width=\"300\" height=\"169\" srcset=\"http:\/\/www.heljesten.nu\/wp-content\/uploads\/2015\/09\/vatten-1-300x169.jpg 300w, http:\/\/www.heljesten.nu\/wp-content\/uploads\/2015\/09\/vatten-1-1024x576.jpg 1024w, http:\/\/www.heljesten.nu\/wp-content\/uploads\/2015\/09\/vatten-1-676x380.jpg 676w\" sizes=\"(max-width: 300px) 100vw, 300px\" \/><\/a><\/p>\n<p style=\"text-align: center;\"><em>Framf\u00f6r b\u00e5ten hamnade markering 1 bland n\u00e4ckrosorna medan markering 2<br \/>\nhamnade bakom vassruggen som sticker ut.<br \/>\nEkipaget i h\u00f6gerkant gick i par 2 tidigare p\u00e5 morgonen.<\/em><\/p>\n<p style=\"text-align: left;\">Vi fick b\u00f6rja och det inleddes med en dubbelmarkering p\u00e5 vattnet, d\u00e4r den f\u00f6rsta kastades synligt mitt bland n\u00e4ckrosor och den andra gick mer \u00e5t h\u00f6ger, p\u00e5 andra sidan h\u00f6g vass, helt osynligt f\u00f6r oss. Det blev en ren h\u00f6rselmarkering. Jag var noga med att positionera om mellan de tv\u00e5 s\u00e5 han skulle g\u00e5 p\u00e5 nummer tv\u00e5 f\u00f6rst, och han rusade med emfas f\u00f6rbi skytten en helt egen v\u00e4g till markeringen och spikade d\u00e4rmed b\u00e5da. Domaren sade efter\u00e5t att han var den enda hunden som verkligen tagit in b\u00e5da markeringarna som markeringar, utan f\u00f6rarhj\u00e4lp, och det k\u00e4nns verkligen bra. N\u00e5got mycket positivt att ta med oss f\u00f6r framtiden, och en liten revansch p\u00e5 de f\u00f6rsta strulmarkeringarna.<\/p>\n<p style=\"text-align: left;\"><a href=\"http:\/\/www.heljesten.nu\/wp-content\/uploads\/2015\/09\/vatten-2.jpg\"><img decoding=\"async\" loading=\"lazy\" class=\"aligncenter size-medium wp-image-4355\" src=\"http:\/\/www.heljesten.nu\/wp-content\/uploads\/2015\/09\/vatten-2-300x169.jpg\" alt=\"vatten-2\" width=\"300\" height=\"169\" srcset=\"http:\/\/www.heljesten.nu\/wp-content\/uploads\/2015\/09\/vatten-2-300x169.jpg 300w, http:\/\/www.heljesten.nu\/wp-content\/uploads\/2015\/09\/vatten-2-1024x576.jpg 1024w, http:\/\/www.heljesten.nu\/wp-content\/uploads\/2015\/09\/vatten-2-676x380.jpg 676w\" sizes=\"(max-width: 300px) 100vw, 300px\" \/><\/a><\/p>\n<p style=\"text-align: center;\"><em>H\u00e4r syns linjen f\u00f6r dirigeringen. Inka i par 2 gjorde en fin vattendirigering.<\/em><\/p>\n<p style=\"text-align: center;\"><a href=\"http:\/\/www.heljesten.nu\/wp-content\/uploads\/2015\/09\/vattendirigering.jpg\"><img decoding=\"async\" loading=\"lazy\" class=\"aligncenter size-medium wp-image-4356\" src=\"http:\/\/www.heljesten.nu\/wp-content\/uploads\/2015\/09\/vattendirigering-300x225.jpg\" alt=\"vattendirigering\" width=\"300\" height=\"225\" srcset=\"http:\/\/www.heljesten.nu\/wp-content\/uploads\/2015\/09\/vattendirigering-300x225.jpg 300w, http:\/\/www.heljesten.nu\/wp-content\/uploads\/2015\/09\/vattendirigering-676x507.jpg 676w, http:\/\/www.heljesten.nu\/wp-content\/uploads\/2015\/09\/vattendirigering.jpg 960w\" sizes=\"(max-width: 300px) 100vw, 300px\" \/><\/a><\/p>\n<p style=\"text-align: center;\"><em>Lakrits kommer in med sin vattendirigering.<\/em><\/p>\n<p style=\"text-align: left;\">Sedan fick vi direkt ta in en vattendirigering innan vi bytte plats med parkamraten. Antagligen gjorde man s\u00e5 p\u00e5 grund av att det \u00e4r s\u00e5 ont om plats h\u00e4r och man ville slippa strul och spara tid med ideliga platsbyten. Gissar jag. Dirigeringen l\u00e5g ganska parallellt med vasslinjen \u00e5t v\u00e4nster 60 meter ut p\u00e5 baksidan av en st\u00f6rre gr\u00f6n vassrugge. P\u00e5 v\u00e4gen dit fanns det ett antal mindre vassruggar att passera samt ett band n\u00e4ckrosor lite mer ut\u00e5t h\u00f6ger. De flesta provhundarna drog sig lite ut\u00e5t n\u00e4ckrosbandet, likas\u00e5 Lakrits, och jag fick bl\u00e5sa ett par g\u00e5nger V\u00e4nster, V\u00e4nster innan han var p\u00e5 plats och hittade den. \u00c4nd\u00e5 r\u00e4tt okej.<\/p>\n<p>Sedan fick vi bara v\u00e4nta p\u00e5 att den andra hunden gjorde sina vattenuppgifter innan vi fick koppla och var klara.<\/p>\n<p>Vi slutade p\u00e5 ett tredjepris med den sammanfattande kritiken:<\/p>\n<blockquote><p>Hund som idag genomf\u00f6r provet med vissa problem i s\u00f6k och landmarkering. G\u00f6r ett utm\u00e4rkt vattenmarkeringsarbete.<\/p><\/blockquote>\n<p>&nbsp;<\/p>\n","protected":false},"excerpt":{"rendered":"<p>Ig\u00e5r 20 sep \u00e5kte Mona och jag till B-provet i \u00c4rla (Lilla Tr\u00e4skaten) f\u00f6r att\u00a0starta i elitklass i B-prov. Min f\u00f6rsta start i ekl. Flertalet foton \u00e4r tagna av Mona Kronqvist, tack f\u00f6r dem! Mona startade i f\u00f6rsta par, s\u00e5 vi var p\u00e5 plats i god tid f\u00f6r att rasta och f\u00f6rbereda oss. Tyv\u00e4rr gick [&hellip;]<\/p>\n","protected":false},"author":1,"featured_media":0,"comment_status":"open","ping_status":"open","sticky":false,"template":"","format":"standard","meta":[],"categories":[66,3],"tags":[],"_links":{"self":[{"href":"http:\/\/www.heljesten.nu\/index.php?rest_route=\/wp\/v2\/posts\/4346"}],"collection":[{"href":"http:\/\/www.heljesten.nu\/index.php?rest_route=\/wp\/v2\/posts"}],"about":[{"href":"http:\/\/www.heljesten.nu\/index.php?rest_route=\/wp\/v2\/types\/post"}],"author":[{"embeddable":true,"href":"http:\/\/www.heljesten.nu\/index.php?rest_route=\/wp\/v2\/users\/1"}],"replies":[{"embeddable":true,"href":"http:\/\/www.heljesten.nu\/index.php?rest_route=%2Fwp%2Fv2%2Fcomments&post=4346"}],"version-history":[{"count":1,"href":"http:\/\/www.heljesten.nu\/index.php?rest_route=\/wp\/v2\/posts\/4346\/revisions"}],"predecessor-version":[{"id":4357,"href":"http:\/\/www.heljesten.nu\/index.php?rest_route=\/wp\/v2\/posts\/4346\/revisions\/4357"}],"wp:attachment":[{"href":"http:\/\/www.heljesten.nu\/index.php?rest_route=%2Fwp%2Fv2%2Fmedia&parent=4346"}],"wp:term":[{"taxonomy":"category","embeddable":true,"href":"http:\/\/www.heljesten.nu\/index.php?rest_route=%2Fwp%2Fv2%2Fcategories&post=4346"},{"taxonomy":"post_tag","embeddable":true,"href":"http:\/\/www.heljesten.nu\/index.php?rest_route=%2Fwp%2Fv2%2Ftags&post=4346"}],"curies":[{"name":"wp","href":"https:\/\/api.w.org\/{rel}","templated":true}]}}