{"id":4336,"date":"2015-09-21T13:41:44","date_gmt":"2015-09-21T11:41:44","guid":{"rendered":"http:\/\/www.heljesten.nu\/?p=4336"},"modified":"2015-09-21T13:41:44","modified_gmt":"2015-09-21T11:41:44","slug":"wt-och-km-pa-wenngarns-slott","status":"publish","type":"post","link":"http:\/\/www.heljesten.nu\/?p=4336","title":{"rendered":"WT och KM p\u00e5 Wenngarns slott"},"content":{"rendered":"<p><a href=\"http:\/\/www.heljesten.nu\/wp-content\/uploads\/2015\/09\/lakrits_slott.jpg\"><img decoding=\"async\" loading=\"lazy\" class=\"aligncenter size-medium wp-image-4338\" src=\"http:\/\/www.heljesten.nu\/wp-content\/uploads\/2015\/09\/lakrits_slott-177x300.jpg\" alt=\"lakrits_slott\" width=\"177\" height=\"300\" srcset=\"http:\/\/www.heljesten.nu\/wp-content\/uploads\/2015\/09\/lakrits_slott-177x300.jpg 177w, http:\/\/www.heljesten.nu\/wp-content\/uploads\/2015\/09\/lakrits_slott-605x1024.jpg 605w, http:\/\/www.heljesten.nu\/wp-content\/uploads\/2015\/09\/lakrits_slott-676x1145.jpg 676w\" sizes=\"(max-width: 177px) 100vw, 177px\" \/><\/a>I l\u00f6rdags 19 sep var det\u00a0b\u00e5de KM och WT p\u00e5 Wenngarns slott. Att jag deltog i b\u00e4gge innebar tv\u00e5 varv p\u00e5 WT-banan.<\/p>\n<p>Jag\u00a0b\u00f6rjade med utst\u00e4llningsdelen, d\u00e4r tio hundar deltog i v\u00e5r klass. Inte s\u00e5 f\u00f6rv\u00e5nande hamnade vi sist av dessa och fick d\u00e4rmed 10 po\u00e4ng med oss i KM:et, d\u00e4r m\u00e5let \u00e4r att f\u00e5 s\u00e5 f\u00e5 po\u00e4ng som m\u00f6jligt. Jag tycker \u00e4nd\u00e5 att sj\u00e4lva visningen gick ov\u00e4ntat bra. Att Lakrits sedan inte har de fysiska f\u00f6retr\u00e4den som premieras h\u00e4r \u00e4r snarast en f\u00f6rdel om man bet\u00e4nker att det \u00e4r fysiskt h\u00e5rda jakter och prov han ska klara, inte att se tjusig ut i n\u00e5gon v\u00e4nstervarvsring.<\/p>\n<p>Vi gick vidare till WT-delen av KM:et och fick till min f\u00f6rv\u00e5ning g\u00f6ra \u00f6kl-uppl\u00e4gget p\u00e5 v\u00e5r f\u00f6rsta ruta, ruta 5. Jag t\u00e4nkte bara att det var v\u00e4l f\u00f6r att det skulle bli lite annorlunda mot den rena WT-t\u00e4vlingen, s\u00e5 vi utf\u00f6rde uppgiften och gick vidare. Han bajsade (andra f\u00f6r dagen) i rutan, s\u00e5 vi kom v\u00e4l inte helt till v\u00e5r r\u00e4tt h\u00e4r&#8230; Vid n\u00e4sta ruta kom Cattis och Lena ifatt oss och ber\u00e4ttade att man gjort fel, och att de f\u00e5tt g\u00f6ra om och ist\u00e4llet f\u00e5tt utf\u00f6ra ekl-uppgiften.<\/p>\n<p>Jag fortsatte l\u00e4ngs banan (ruta 1, som var en dubbelmarkering d\u00e4r den f\u00f6rst kastade skulle tas in f\u00f6rst, fick jag bl\u00e5sa litegrann p\u00e5; ruta 2, som var en kastad trippel h\u00f6ger-v\u00e4nster-mitten med promenad mellan varje skott och kast s\u00e5 man inte stod vid utg\u00e5ngsplatsen f\u00f6r kast 1 n\u00e4r man sedan skulle skicka p\u00e5 den, och d\u00e4r den i mitten inte skulle tas in alls och den f\u00f6rst kastade till h\u00f6ger skulle in f\u00f6rst. Jag fick\u00a0bl\u00e5sa lite p\u00e5 den f\u00f6rsta eftersom vi efter promenaden hamnat rakt framf\u00f6r ett \u00e4ppeltr\u00e4d och jag d\u00e4rf\u00f6r inte s\u00e5g nedslagsplatsen alls, den andra spikade han) men n\u00e4r det blev lunchavbl\u00e5st d\u00e5\u00a0jag lagt min boll vid ruta 3 s\u00e5 gick jag och rastade Kasper och gick p\u00e5 toa med mera. Sedan gick jag och snackade med dem vid ruta 5 och fick b\u00f6rja direkt efter deras lunch med att g\u00f6ra om den rutan enligt ekl-uppl\u00e4gget, en minnesmarkering \u00e5t h\u00f6ger med en dirigering som skulle in f\u00f6rst och som l\u00e5g lite mer \u00e5t v\u00e4nster p\u00e5 en plat\u00e5 ovanf\u00f6r en liten murkant. Det gick kanonbra med dirigeringen som han spikade efter att jag tryckt p\u00e5 med ett Upp vid kanten, och det var lite synd att jag bl\u00e5ste n\u00e4rs\u00f6k p\u00e5 den h\u00f6gra minnesmarkeringen sen ist\u00e4llet f\u00f6r att ha is i magen d\u00e4r. Detta genererade iallafall en spontan appl\u00e5d fr\u00e5n publiken. Bara att tacka och buga, inte s\u00e5 vanligt med appl\u00e5der i s\u00e5dana sammanhang.<\/p>\n<p><a href=\"http:\/\/www.heljesten.nu\/wp-content\/uploads\/2015\/09\/Lacke-7994.jpg\"><img decoding=\"async\" loading=\"lazy\" class=\"aligncenter size-medium wp-image-4339\" src=\"http:\/\/www.heljesten.nu\/wp-content\/uploads\/2015\/09\/Lacke-7994-220x300.jpg\" alt=\"Lacke-7994\" width=\"220\" height=\"300\" srcset=\"http:\/\/www.heljesten.nu\/wp-content\/uploads\/2015\/09\/Lacke-7994-220x300.jpg 220w, http:\/\/www.heljesten.nu\/wp-content\/uploads\/2015\/09\/Lacke-7994-750x1024.jpg 750w, http:\/\/www.heljesten.nu\/wp-content\/uploads\/2015\/09\/Lacke-7994-676x923.jpg 676w, http:\/\/www.heljesten.nu\/wp-content\/uploads\/2015\/09\/Lacke-7994.jpg 1000w\" sizes=\"(max-width: 220px) 100vw, 220px\" \/><\/a> <a href=\"http:\/\/www.heljesten.nu\/wp-content\/uploads\/2015\/09\/Lacke-8003.jpg\"><img decoding=\"async\" loading=\"lazy\" class=\"aligncenter size-medium wp-image-4340\" src=\"http:\/\/www.heljesten.nu\/wp-content\/uploads\/2015\/09\/Lacke-8003-219x300.jpg\" alt=\"Lacke-8003\" width=\"219\" height=\"300\" srcset=\"http:\/\/www.heljesten.nu\/wp-content\/uploads\/2015\/09\/Lacke-8003-219x300.jpg 219w, http:\/\/www.heljesten.nu\/wp-content\/uploads\/2015\/09\/Lacke-8003-746x1024.jpg 746w, http:\/\/www.heljesten.nu\/wp-content\/uploads\/2015\/09\/Lacke-8003-676x927.jpg 676w, http:\/\/www.heljesten.nu\/wp-content\/uploads\/2015\/09\/Lacke-8003.jpg 1000w\" sizes=\"(max-width: 219px) 100vw, 219px\" \/><\/a> <a href=\"http:\/\/www.heljesten.nu\/wp-content\/uploads\/2015\/09\/Lacke-8006.jpg\"><img decoding=\"async\" loading=\"lazy\" class=\"aligncenter size-medium wp-image-4341\" src=\"http:\/\/www.heljesten.nu\/wp-content\/uploads\/2015\/09\/Lacke-8006-300x194.jpg\" alt=\"Lacke-8006\" width=\"300\" height=\"194\" srcset=\"http:\/\/www.heljesten.nu\/wp-content\/uploads\/2015\/09\/Lacke-8006-300x194.jpg 300w, http:\/\/www.heljesten.nu\/wp-content\/uploads\/2015\/09\/Lacke-8006-676x438.jpg 676w, http:\/\/www.heljesten.nu\/wp-content\/uploads\/2015\/09\/Lacke-8006.jpg 999w\" sizes=\"(max-width: 300px) 100vw, 300px\" \/><\/a><\/p>\n<p style=\"text-align: center;\"><em>Dirigeringen ligger p\u00e5 plat\u00e5n mellan de b\u00e5da murkanterna, markeringen till h\u00f6ger om kastaren.<br \/>\nFoton: Kristina Svensson<\/em><\/p>\n<p>Jag gick tillbaka till ruta 3\u00a0och skulle ta en diagonal dirigering som blev lite zikzakig.<\/p>\n<p style=\"text-align: center;\"><a href=\"http:\/\/www.heljesten.nu\/wp-content\/uploads\/2015\/09\/Lacke-8022.jpg\"><img decoding=\"async\" loading=\"lazy\" class=\"aligncenter size-medium wp-image-4342\" src=\"http:\/\/www.heljesten.nu\/wp-content\/uploads\/2015\/09\/Lacke-8022-300x201.jpg\" alt=\"Lacke-8022\" width=\"300\" height=\"201\" srcset=\"http:\/\/www.heljesten.nu\/wp-content\/uploads\/2015\/09\/Lacke-8022-300x201.jpg 300w, http:\/\/www.heljesten.nu\/wp-content\/uploads\/2015\/09\/Lacke-8022-676x453.jpg 676w, http:\/\/www.heljesten.nu\/wp-content\/uploads\/2015\/09\/Lacke-8022.jpg 1000w\" sizes=\"(max-width: 300px) 100vw, 300px\" \/><\/a><a href=\"http:\/\/www.heljesten.nu\/wp-content\/uploads\/2015\/09\/Lacke-8028.jpg\"><img decoding=\"async\" loading=\"lazy\" class=\"aligncenter size-medium wp-image-4343\" src=\"http:\/\/www.heljesten.nu\/wp-content\/uploads\/2015\/09\/Lacke-8028-300x128.jpg\" alt=\"Lacke-8028\" width=\"300\" height=\"128\" srcset=\"http:\/\/www.heljesten.nu\/wp-content\/uploads\/2015\/09\/Lacke-8028-300x128.jpg 300w, http:\/\/www.heljesten.nu\/wp-content\/uploads\/2015\/09\/Lacke-8028-676x288.jpg 676w, http:\/\/www.heljesten.nu\/wp-content\/uploads\/2015\/09\/Lacke-8028.jpg 999w\" sizes=\"(max-width: 300px) 100vw, 300px\" \/><\/a><br \/>\n<em>Knepigt att skicka diagonalt med en r\u00e4tt krafitg vind fr\u00e5n h\u00f6ger som gjorde att<br \/>\nhunden l\u00e4tt drogs ut i v\u00e4nstra kanten med h\u00f6gre gr\u00e4s.<br \/>\nFoton: Kristina Svensson<\/em><\/p>\n<p>Ruta 4 var ett land med buskar (vinb\u00e4r?) som v\u00e4xte i rad, lite snett fr\u00e5n utg\u00e5ngsplatsen. Det kastades en minnesmarkering l\u00e4ngst bort \u00e5t v\u00e4nster, och sedan skulle jag skicka p\u00e5 en dirigering snett in genom buskarna till en snitsel vid rad 3. D\u00e4r vek han v\u00e4nster och jag fick bl\u00e5sa tv\u00e5 g\u00e5nger innan han hamnade r\u00e4tt. D\u00e4r hittade min kompis Kristina med medf\u00f6ljande kompis Karin mig och de h\u00e4ngde sedan med en bit runt n\u00e4sta varv. Tack Kristina f\u00f6r bilderna!<\/p>\n<p>Jag var nu klar med KM-delen och k\u00f6rde ett varv till i ekl f\u00f6r WT-delen. Det blev samma uppl\u00e4gg, trots att de innan sagt att det skulle skilja lite, och nu skrapade jag ihop 80 po\u00e4ng. Det \u00e4r nog n\u00e5got mer \u00e4n varv ett, men d\u00e4r har jag ingen po\u00e4ngsumma, vet bara att min placering blev en tredjeplats p\u00e5 WT, dvs totalt 13 po\u00e4ng i KM:et.<\/p>\n<p>Detta gav en tredjeplats p\u00e5 KM totalt och Lena med Pirat vann KM. Grattis!<\/p>\n<p>Jag vann d\u00e4remot WT:s elitklass och b\u00e4rgade hem en hel hoper priser. J\u00e4ttekul!<\/p>\n<p><a href=\"http:\/\/www.heljesten.nu\/wp-content\/uploads\/2015\/09\/lakrits_solrosor.jpg\"><img decoding=\"async\" loading=\"lazy\" class=\"aligncenter size-medium wp-image-4344\" src=\"http:\/\/www.heljesten.nu\/wp-content\/uploads\/2015\/09\/lakrits_solrosor-169x300.jpg\" alt=\"lakrits_solrosor\" width=\"169\" height=\"300\" srcset=\"http:\/\/www.heljesten.nu\/wp-content\/uploads\/2015\/09\/lakrits_solrosor-169x300.jpg 169w, http:\/\/www.heljesten.nu\/wp-content\/uploads\/2015\/09\/lakrits_solrosor-576x1024.jpg 576w, http:\/\/www.heljesten.nu\/wp-content\/uploads\/2015\/09\/lakrits_solrosor-676x1202.jpg 676w\" sizes=\"(max-width: 169px) 100vw, 169px\" \/><\/a><\/p>\n","protected":false},"excerpt":{"rendered":"<p>I l\u00f6rdags 19 sep var det\u00a0b\u00e5de KM och WT p\u00e5 Wenngarns slott. Att jag deltog i b\u00e4gge innebar tv\u00e5 varv p\u00e5 WT-banan. Jag\u00a0b\u00f6rjade med utst\u00e4llningsdelen, d\u00e4r tio hundar deltog i v\u00e5r klass. Inte s\u00e5 f\u00f6rv\u00e5nande hamnade vi sist av dessa och fick d\u00e4rmed 10 po\u00e4ng med oss i KM:et, d\u00e4r m\u00e5let \u00e4r att f\u00e5 s\u00e5 [&hellip;]<\/p>\n","protected":false},"author":1,"featured_media":0,"comment_status":"open","ping_status":"open","sticky":false,"template":"","format":"standard","meta":[],"categories":[3,50],"tags":[],"_links":{"self":[{"href":"http:\/\/www.heljesten.nu\/index.php?rest_route=\/wp\/v2\/posts\/4336"}],"collection":[{"href":"http:\/\/www.heljesten.nu\/index.php?rest_route=\/wp\/v2\/posts"}],"about":[{"href":"http:\/\/www.heljesten.nu\/index.php?rest_route=\/wp\/v2\/types\/post"}],"author":[{"embeddable":true,"href":"http:\/\/www.heljesten.nu\/index.php?rest_route=\/wp\/v2\/users\/1"}],"replies":[{"embeddable":true,"href":"http:\/\/www.heljesten.nu\/index.php?rest_route=%2Fwp%2Fv2%2Fcomments&post=4336"}],"version-history":[{"count":1,"href":"http:\/\/www.heljesten.nu\/index.php?rest_route=\/wp\/v2\/posts\/4336\/revisions"}],"predecessor-version":[{"id":4345,"href":"http:\/\/www.heljesten.nu\/index.php?rest_route=\/wp\/v2\/posts\/4336\/revisions\/4345"}],"wp:attachment":[{"href":"http:\/\/www.heljesten.nu\/index.php?rest_route=%2Fwp%2Fv2%2Fmedia&parent=4336"}],"wp:term":[{"taxonomy":"category","embeddable":true,"href":"http:\/\/www.heljesten.nu\/index.php?rest_route=%2Fwp%2Fv2%2Fcategories&post=4336"},{"taxonomy":"post_tag","embeddable":true,"href":"http:\/\/www.heljesten.nu\/index.php?rest_route=%2Fwp%2Fv2%2Ftags&post=4336"}],"curies":[{"name":"wp","href":"https:\/\/api.w.org\/{rel}","templated":true}]}}