{"id":4147,"date":"2015-04-06T20:38:42","date_gmt":"2015-04-06T18:38:42","guid":{"rendered":"http:\/\/www.heljesten.nu\/?p=4147"},"modified":"2015-04-11T18:13:04","modified_gmt":"2015-04-11T16:13:04","slug":"thorsvi-wt-pa-lilla-traskaten","status":"publish","type":"post","link":"http:\/\/www.heljesten.nu\/?p=4147","title":{"rendered":"Thorsvi-WT p\u00e5 Lilla Tr\u00e4skaten"},"content":{"rendered":"<p><a href=\"http:\/\/www.heljesten.nu\/wp-content\/uploads\/2015\/04\/IMG_9776.jpg\"><img decoding=\"async\" loading=\"lazy\" class=\"aligncenter size-medium wp-image-4154\" src=\"http:\/\/www.heljesten.nu\/wp-content\/uploads\/2015\/04\/IMG_9776-300x200.jpg\" alt=\"IMG_9776\" width=\"300\" height=\"200\" srcset=\"http:\/\/www.heljesten.nu\/wp-content\/uploads\/2015\/04\/IMG_9776-300x200.jpg 300w, http:\/\/www.heljesten.nu\/wp-content\/uploads\/2015\/04\/IMG_9776-1024x683.jpg 1024w, http:\/\/www.heljesten.nu\/wp-content\/uploads\/2015\/04\/IMG_9776-676x451.jpg 676w\" sizes=\"(max-width: 300px) 100vw, 300px\" \/><\/a>Nu finns <a href=\"http:\/\/www.evrodoc.se\/pask-wt_2015\/index.html\" target=\"_blank\">bilder av varierande kvalitet att titta p\u00e5<\/a>. Jag f\u00f6rs\u00f6kte b\u00f6rja med en bild d\u00e4r f\u00f6raren syns f\u00f6ljt av ett antal bilder p\u00e5 hunden, detta f\u00f6r att g\u00f6ra det n\u00e5gorlunda m\u00f6jligt att identifiera era adepter.<\/p>\n<p style=\"text-align: center;\">***<\/p>\n<p>Idag var det\u00a0Thorsvi-WT p\u00e5 Lilla Tr\u00e4skaten, premi\u00e4r f\u00f6r oss i elitklass.<\/p>\n<p>P\u00e5 f\u00f6rmiddagen fotade jag en del och hade mingelhunden Kasper med som allm\u00e4n maskot.\u00a0Lakrits startade p\u00e5 eftermiddagen.<\/p>\n<p>V\u00e5r f\u00f6rsta ruta var nr 4: en markering i ruffen p\u00e5 andra sidan ett dike. Vi skulle stoppa hunden p\u00e5 v\u00e4g ut mot markeringen och ist\u00e4llet ta in en dummy som l\u00e5g i vattnet i diket. Sen skulle markeringen in efter\u00e5t. Han tog stoppet j\u00e4ttebra, tvekade sen lite inf\u00f6r n\u00e4rs\u00f6ket innan polletten ramlade ner. 17 po\u00e4ng med lite avdrag f\u00f6r att Lacke var orolig vid sidan. Han var speedad vid f\u00f6rsta rutan och ville hoppavl\u00e4mna.<\/p>\n<p>Ruta 5: Kort fotg\u00e5ende f\u00f6rst. Det kastades en markering snett \u00e5t h\u00f6ger som skulle ligga som st\u00f6rning. sen skulle en dirigering snett \u00e5t v\u00e4nster in f\u00f6rst. Vi stod till h\u00f6ger om en pinne, och n\u00e4r jag riktade om honom mot dirigeringen hoppade han till v\u00e4nster om pinnen. Jag hade st\u00e4llt upp oss f\u00f6r tajt mot pinnen. Med pinnen mellan oss skickade jag och det gick bra \u00e4nd\u00e5. 16 po\u00e4ng.<\/p>\n<p>Ruta 1: L\u00e4ngre fotg\u00e5ende runt en kulle. Sen l\u00e5ng dirigering i en smal gata in i skogen. 17 po\u00e4ng.<\/p>\n<p>Ruta 2: Vi st\u00e4llde upp i v\u00e4nsterkant av en bredare startplats och s\u00e5g en markering. Vi flyttade oss sedan lite \u00e5t sidan n\u00e5gon meter \u00e5t h\u00f6ger och tog en sned dirigering som han spikade. Inget bl\u00e5s alls. Tyv\u00e4rr bar han den in som en cigarr. \u00c4nnu mer tyv\u00e4rr s\u00e5 gjorde han en liten lov till en l\u00e5g gran n\u00e4r vi skulle flytta oss tillbaka till plats 1 f\u00f6r att h\u00e4mta in markeringen. Jag m\u00e5ste ha nageln i \u00f6gat mer p\u00e5 honom i s\u00e5na l\u00e4gen och ha honom ordentligt under Fot\/N\u00e4ra. Nu sade jag enligt \u00e5h\u00f6rarna bara Kom h\u00e4r Lakrits (som p\u00e5 tr\u00e4ning). Denna supermiss kostade oss m\u00e5nga po\u00e4ng! Markeringen spikades ocks\u00e5, men vi slutade h\u00e4r p\u00e5 bara 5 po\u00e4ng. Jag gissar att vi f\u00f6rlorade minst 10, kanske \u00e4nnu mer, p\u00e5 pinkningen. \ud83d\ude41<\/p>\n<p>Ruta 3: Det kastades en trippelmarkering, varav vi skulle ta in tv\u00e5 som fallit ganska n\u00e4ra varandra, men strunta i den tredje som fallit mer \u00e5t v\u00e4nster. 17 po\u00e4ng.<\/p>\n<p>Totalt 72 po\u00e4ng. Hade han inte pinkat \u00e4r jag r\u00e4tt s\u00e4ker p\u00e5 att vi haft minst 82 po\u00e4ng, s\u00e5 det k\u00e4nns ju r\u00e4tt surt och on\u00f6digt.<\/p>\n<p>Lite mer ordning-och-reda-tr\u00e4ning tills p\u00e5 s\u00f6ndag d\u00e5 det \u00e4r dags f\u00f6r skarpt l\u00e4ge med WT Liding\u00f6!<\/p>\n<p>De bilder jag fotade kommer p\u00e5 en l\u00e4nk h\u00e4r s\u00e5 sm\u00e5ningom.<\/p>\n<p>Avslutningsvis var det v\u00e4ldigt kul med ett Thorsvi-WT och om det funkar att arra det igen vore det en rolig ny tradition!<\/p>\n","protected":false},"excerpt":{"rendered":"<p>Nu finns bilder av varierande kvalitet att titta p\u00e5. Jag f\u00f6rs\u00f6kte b\u00f6rja med en bild d\u00e4r f\u00f6raren syns f\u00f6ljt av ett antal bilder p\u00e5 hunden, detta f\u00f6r att g\u00f6ra det n\u00e5gorlunda m\u00f6jligt att identifiera era adepter. *** Idag var det\u00a0Thorsvi-WT p\u00e5 Lilla Tr\u00e4skaten, premi\u00e4r f\u00f6r oss i elitklass. P\u00e5 f\u00f6rmiddagen fotade jag en del och [&hellip;]<\/p>\n","protected":false},"author":1,"featured_media":0,"comment_status":"open","ping_status":"open","sticky":false,"template":"","format":"standard","meta":[],"categories":[6,10,3,8,50],"tags":[],"_links":{"self":[{"href":"http:\/\/www.heljesten.nu\/index.php?rest_route=\/wp\/v2\/posts\/4147"}],"collection":[{"href":"http:\/\/www.heljesten.nu\/index.php?rest_route=\/wp\/v2\/posts"}],"about":[{"href":"http:\/\/www.heljesten.nu\/index.php?rest_route=\/wp\/v2\/types\/post"}],"author":[{"embeddable":true,"href":"http:\/\/www.heljesten.nu\/index.php?rest_route=\/wp\/v2\/users\/1"}],"replies":[{"embeddable":true,"href":"http:\/\/www.heljesten.nu\/index.php?rest_route=%2Fwp%2Fv2%2Fcomments&post=4147"}],"version-history":[{"count":7,"href":"http:\/\/www.heljesten.nu\/index.php?rest_route=\/wp\/v2\/posts\/4147\/revisions"}],"predecessor-version":[{"id":4155,"href":"http:\/\/www.heljesten.nu\/index.php?rest_route=\/wp\/v2\/posts\/4147\/revisions\/4155"}],"wp:attachment":[{"href":"http:\/\/www.heljesten.nu\/index.php?rest_route=%2Fwp%2Fv2%2Fmedia&parent=4147"}],"wp:term":[{"taxonomy":"category","embeddable":true,"href":"http:\/\/www.heljesten.nu\/index.php?rest_route=%2Fwp%2Fv2%2Fcategories&post=4147"},{"taxonomy":"post_tag","embeddable":true,"href":"http:\/\/www.heljesten.nu\/index.php?rest_route=%2Fwp%2Fv2%2Ftags&post=4147"}],"curies":[{"name":"wp","href":"https:\/\/api.w.org\/{rel}","templated":true}]}}