{"id":3907,"date":"2014-04-08T14:39:25","date_gmt":"2014-04-08T12:39:25","guid":{"rendered":"http:\/\/www.heljesten.nu\/?p=3907"},"modified":"2014-04-08T14:39:25","modified_gmt":"2014-04-08T12:39:25","slug":"traning-infor-wt-och-rally","status":"publish","type":"post","link":"http:\/\/www.heljesten.nu\/?p=3907","title":{"rendered":"Tr\u00e4ning inf\u00f6r WT och rally"},"content":{"rendered":"<p>Ig\u00e5r \u00e5kte jag till Unsta och hade f\u00f6rm\u00e5nen att f\u00e5 tr\u00e4na med Katarina, Sara och Mia. Vi k\u00f6rde lite blandat, mest markeringar med olika knepigheter och d\u00e4refter n\u00e5gra dirigeringar. Den h\u00e4r g\u00e5ngen k\u00e4ndes Lakrits mycket mer som vanligt, alert och villig att g\u00f6ra sitt b\u00e4sta. Inte en massa oro, pinkningar osv.<\/p>\n<p><a href=\"http:\/\/www.heljesten.nu\/wp-content\/uploads\/2014\/04\/2014-04-07-17.28.04.jpg\"><img decoding=\"async\" loading=\"lazy\" class=\"aligncenter size-large wp-image-3908\" alt=\"2014-04-07 17.28.04\" src=\"http:\/\/www.heljesten.nu\/wp-content\/uploads\/2014\/04\/2014-04-07-17.28.04-768x1024.jpg\" width=\"640\" height=\"853\" srcset=\"http:\/\/www.heljesten.nu\/wp-content\/uploads\/2014\/04\/2014-04-07-17.28.04-768x1024.jpg 768w, http:\/\/www.heljesten.nu\/wp-content\/uploads\/2014\/04\/2014-04-07-17.28.04-225x300.jpg 225w\" sizes=\"(max-width: 640px) 100vw, 640px\" \/><\/a><em>H\u00e4r gjorde vi en dubbelmarkering i linje.<\/em><\/p>\n<p>Lakrits var duktig. Ena dirigeringen blev lite omst\u00e4ndlig och Katarina tipsade om att jag kunnat skicka lite mer \u00e5t h\u00f6ger med tanke p\u00e5 vinden och att han springer s\u00e5 rakt och fint. D\u00e5 hade han kunnat f\u00e5 vittring p\u00e5 den direkt. Jag tar till mig att inte gl\u00f6mma bort vinden fram\u00f6ver.<\/p>\n<p>P\u00e5 hemv\u00e4gen stannade jag f\u00f6rbi hos Elisabet och diskuterade rallyt\u00e4vlingen och sekretariatsuppgifterna som v\u00e4ntar om n\u00e5gra veckor.<\/p>\n<p>Idag tog jag s\u00e5 tag i v\u00e5r rallytr\u00e4ning igen i tr\u00e4dg\u00e5rden. Har \u00e4ntligen f\u00e5tt fram b\u00e5de Lakrits halsband och Kaspers valpkoppel, b\u00e5da oundg\u00e4ngliga i rallysammanhang. B\u00f6rjade med Kasper och tycker att han gick riktigt fint. Han har s\u00e5klart sv\u00e5rt att ligga \u00e4nda ner, men bortsett fr\u00e5n det s\u00e5 k\u00e4ndes det bra.<\/p>\n<p>Lakrits var h\u00e4rn\u00e4st och han \u00e4r ju inte lika van vid alla v\u00e4ndningar hit och dit, framf\u00f6r osv. Men det gick skapligt \u00e4nd\u00e5, inte f\u00f6r att han tr\u00e4nat s\u00e5 mycket rally, utan f\u00f6r att han \u00e4r s\u00e5 f\u00f6ljsam. Det han har sv\u00e5rt f\u00f6r \u00e4r St\u00e5. Det ska jag specialtr\u00e4na inne en del nu fram\u00f6ver s\u00e5 hoppas vi att det sitter till t\u00e4vlingen.<\/p>\n","protected":false},"excerpt":{"rendered":"<p>Ig\u00e5r \u00e5kte jag till Unsta och hade f\u00f6rm\u00e5nen att f\u00e5 tr\u00e4na med Katarina, Sara och Mia. Vi k\u00f6rde lite blandat, mest markeringar med olika knepigheter och d\u00e4refter n\u00e5gra dirigeringar. Den h\u00e4r g\u00e5ngen k\u00e4ndes Lakrits mycket mer som vanligt, alert och villig att g\u00f6ra sitt b\u00e4sta. Inte en massa oro, pinkningar osv. H\u00e4r gjorde vi en [&hellip;]<\/p>\n","protected":false},"author":1,"featured_media":0,"comment_status":"open","ping_status":"open","sticky":false,"template":"","format":"standard","meta":[],"categories":[6,10,3,8,38,169],"tags":[],"_links":{"self":[{"href":"http:\/\/www.heljesten.nu\/index.php?rest_route=\/wp\/v2\/posts\/3907"}],"collection":[{"href":"http:\/\/www.heljesten.nu\/index.php?rest_route=\/wp\/v2\/posts"}],"about":[{"href":"http:\/\/www.heljesten.nu\/index.php?rest_route=\/wp\/v2\/types\/post"}],"author":[{"embeddable":true,"href":"http:\/\/www.heljesten.nu\/index.php?rest_route=\/wp\/v2\/users\/1"}],"replies":[{"embeddable":true,"href":"http:\/\/www.heljesten.nu\/index.php?rest_route=%2Fwp%2Fv2%2Fcomments&post=3907"}],"version-history":[{"count":1,"href":"http:\/\/www.heljesten.nu\/index.php?rest_route=\/wp\/v2\/posts\/3907\/revisions"}],"predecessor-version":[{"id":3909,"href":"http:\/\/www.heljesten.nu\/index.php?rest_route=\/wp\/v2\/posts\/3907\/revisions\/3909"}],"wp:attachment":[{"href":"http:\/\/www.heljesten.nu\/index.php?rest_route=%2Fwp%2Fv2%2Fmedia&parent=3907"}],"wp:term":[{"taxonomy":"category","embeddable":true,"href":"http:\/\/www.heljesten.nu\/index.php?rest_route=%2Fwp%2Fv2%2Fcategories&post=3907"},{"taxonomy":"post_tag","embeddable":true,"href":"http:\/\/www.heljesten.nu\/index.php?rest_route=%2Fwp%2Fv2%2Ftags&post=3907"}],"curies":[{"name":"wp","href":"https:\/\/api.w.org\/{rel}","templated":true}]}}