{"id":3898,"date":"2014-04-01T19:24:20","date_gmt":"2014-04-01T17:24:20","guid":{"rendered":"http:\/\/www.heljesten.nu\/?p=3898"},"modified":"2014-04-01T19:24:20","modified_gmt":"2014-04-01T17:24:20","slug":"torsholma-staket-dag-2","status":"publish","type":"post","link":"http:\/\/www.heljesten.nu\/?p=3898","title":{"rendered":"Torsholma \u2013 staket, dag 2"},"content":{"rendered":"<p>Idag har l\u00e5ngsidan mot bortre sommarstugan gjorts klar. Det \u00e4r s\u00e5 kul att se det fina hantverket v\u00e4xa fram. Staketet f\u00f6ljer naturen v\u00e4l och ansluter nu \u00e4nda till steng\u00e4rdesg\u00e5rden. D\u00e4r ska det sen upp ett f\u00e5rst\u00e4ngsel eftersom stenmuren \u00e4r alltf\u00f6r l\u00e4ttforcerad.<\/p>\n<p><a href=\"http:\/\/www.heljesten.nu\/wp-content\/uploads\/2014\/04\/2014-04-01-15.14.48.jpg\"><img decoding=\"async\" loading=\"lazy\" class=\"aligncenter size-large wp-image-3899\" alt=\"2014-04-01 15.14.48\" src=\"http:\/\/www.heljesten.nu\/wp-content\/uploads\/2014\/04\/2014-04-01-15.14.48-1024x768.jpg\" width=\"640\" height=\"480\" srcset=\"http:\/\/www.heljesten.nu\/wp-content\/uploads\/2014\/04\/2014-04-01-15.14.48-1024x768.jpg 1024w, http:\/\/www.heljesten.nu\/wp-content\/uploads\/2014\/04\/2014-04-01-15.14.48-300x225.jpg 300w, http:\/\/www.heljesten.nu\/wp-content\/uploads\/2014\/04\/2014-04-01-15.14.48-400x300.jpg 400w\" sizes=\"(max-width: 640px) 100vw, 640px\" \/><\/a>H\u00e4r arbetas det f\u00f6r fullt i aprilv\u00e4dret.<\/p>\n<p><a href=\"http:\/\/www.heljesten.nu\/wp-content\/uploads\/2014\/04\/2014-04-01-16.58.11.jpg\"><img decoding=\"async\" loading=\"lazy\" class=\"aligncenter size-large wp-image-3900\" alt=\"2014-04-01 16.58.11\" src=\"http:\/\/www.heljesten.nu\/wp-content\/uploads\/2014\/04\/2014-04-01-16.58.11-768x1024.jpg\" width=\"640\" height=\"853\" srcset=\"http:\/\/www.heljesten.nu\/wp-content\/uploads\/2014\/04\/2014-04-01-16.58.11-768x1024.jpg 768w, http:\/\/www.heljesten.nu\/wp-content\/uploads\/2014\/04\/2014-04-01-16.58.11-225x300.jpg 225w\" sizes=\"(max-width: 640px) 100vw, 640px\" \/><\/a> Det blir s\u00e5 otroligt fint. \u00c4r verkligen heln\u00f6jd s\u00e5 h\u00e4r l\u00e5ngt.<a href=\"http:\/\/www.heljesten.nu\/wp-content\/uploads\/2014\/04\/2014-04-01-16.56.25.jpg\"><img decoding=\"async\" loading=\"lazy\" class=\"aligncenter size-large wp-image-3901\" alt=\"2014-04-01 16.56.25\" src=\"http:\/\/www.heljesten.nu\/wp-content\/uploads\/2014\/04\/2014-04-01-16.56.25-768x1024.jpg\" width=\"640\" height=\"853\" srcset=\"http:\/\/www.heljesten.nu\/wp-content\/uploads\/2014\/04\/2014-04-01-16.56.25-768x1024.jpg 768w, http:\/\/www.heljesten.nu\/wp-content\/uploads\/2014\/04\/2014-04-01-16.56.25-225x300.jpg 225w\" sizes=\"(max-width: 640px) 100vw, 640px\" \/><\/a> Kasper unders\u00f6ker r\u00e5materialet.<a href=\"http:\/\/www.heljesten.nu\/wp-content\/uploads\/2014\/04\/2014-04-01-16.56.13.jpg\"><img decoding=\"async\" loading=\"lazy\" class=\"aligncenter size-large wp-image-3902\" alt=\"2014-04-01 16.56.13\" src=\"http:\/\/www.heljesten.nu\/wp-content\/uploads\/2014\/04\/2014-04-01-16.56.13-1024x768.jpg\" width=\"640\" height=\"480\" srcset=\"http:\/\/www.heljesten.nu\/wp-content\/uploads\/2014\/04\/2014-04-01-16.56.13-1024x768.jpg 1024w, http:\/\/www.heljesten.nu\/wp-content\/uploads\/2014\/04\/2014-04-01-16.56.13-300x225.jpg 300w, http:\/\/www.heljesten.nu\/wp-content\/uploads\/2014\/04\/2014-04-01-16.56.13-400x300.jpg 400w\" sizes=\"(max-width: 640px) 100vw, 640px\" \/><\/a>Stolparna som ska ner i jorden \u00e4r br\u00e4nda f\u00f6r att st\u00e5 emot r\u00f6ta b\u00e4ttre.<\/p>\n<p><a href=\"http:\/\/www.heljesten.nu\/wp-content\/uploads\/2014\/04\/2014-04-01-16.59.21.jpg\"><img decoding=\"async\" loading=\"lazy\" class=\"aligncenter size-large wp-image-3904\" alt=\"2014-04-01 16.59.21\" src=\"http:\/\/www.heljesten.nu\/wp-content\/uploads\/2014\/04\/2014-04-01-16.59.21-1024x768.jpg\" width=\"640\" height=\"480\" srcset=\"http:\/\/www.heljesten.nu\/wp-content\/uploads\/2014\/04\/2014-04-01-16.59.21-1024x768.jpg 1024w, http:\/\/www.heljesten.nu\/wp-content\/uploads\/2014\/04\/2014-04-01-16.59.21-300x225.jpg 300w, http:\/\/www.heljesten.nu\/wp-content\/uploads\/2014\/04\/2014-04-01-16.59.21-400x300.jpg 400w\" sizes=\"(max-width: 640px) 100vw, 640px\" \/><\/a>H\u00e4r \u00e4r nu en helt f\u00e4rdig h\u00f6rna av tr\u00e4dg\u00e5rden.<\/p>\n<p><a href=\"http:\/\/www.heljesten.nu\/wp-content\/uploads\/2014\/04\/2014-04-01-18.53.11.jpg\"><img decoding=\"async\" loading=\"lazy\" class=\"aligncenter size-large wp-image-3903\" alt=\"2014-04-01 18.53.11\" src=\"http:\/\/www.heljesten.nu\/wp-content\/uploads\/2014\/04\/2014-04-01-18.53.11-1024x768.jpg\" width=\"640\" height=\"480\" srcset=\"http:\/\/www.heljesten.nu\/wp-content\/uploads\/2014\/04\/2014-04-01-18.53.11-1024x768.jpg 1024w, http:\/\/www.heljesten.nu\/wp-content\/uploads\/2014\/04\/2014-04-01-18.53.11-300x225.jpg 300w, http:\/\/www.heljesten.nu\/wp-content\/uploads\/2014\/04\/2014-04-01-18.53.11-400x300.jpg 400w\" sizes=\"(max-width: 640px) 100vw, 640px\" \/><\/a>Staketet syns \u00e4ven om man kommer nerifr\u00e5n K\u00e5rstav\u00e4gen. Taget p\u00e5 kv\u00e4llspromenad med hundarna och fick med lite solnedg\u00e5ng p\u00e5 k\u00f6pet.<\/p>\n","protected":false},"excerpt":{"rendered":"<p>Idag har l\u00e5ngsidan mot bortre sommarstugan gjorts klar. Det \u00e4r s\u00e5 kul att se det fina hantverket v\u00e4xa fram. Staketet f\u00f6ljer naturen v\u00e4l och ansluter nu \u00e4nda till steng\u00e4rdesg\u00e5rden. D\u00e4r ska det sen upp ett f\u00e5rst\u00e4ngsel eftersom stenmuren \u00e4r alltf\u00f6r l\u00e4ttforcerad. H\u00e4r arbetas det f\u00f6r fullt i aprilv\u00e4dret. Det blir s\u00e5 otroligt fint. \u00c4r verkligen [&hellip;]<\/p>\n","protected":false},"author":1,"featured_media":0,"comment_status":"open","ping_status":"open","sticky":false,"template":"","format":"standard","meta":[],"categories":[244],"tags":[],"_links":{"self":[{"href":"http:\/\/www.heljesten.nu\/index.php?rest_route=\/wp\/v2\/posts\/3898"}],"collection":[{"href":"http:\/\/www.heljesten.nu\/index.php?rest_route=\/wp\/v2\/posts"}],"about":[{"href":"http:\/\/www.heljesten.nu\/index.php?rest_route=\/wp\/v2\/types\/post"}],"author":[{"embeddable":true,"href":"http:\/\/www.heljesten.nu\/index.php?rest_route=\/wp\/v2\/users\/1"}],"replies":[{"embeddable":true,"href":"http:\/\/www.heljesten.nu\/index.php?rest_route=%2Fwp%2Fv2%2Fcomments&post=3898"}],"version-history":[{"count":1,"href":"http:\/\/www.heljesten.nu\/index.php?rest_route=\/wp\/v2\/posts\/3898\/revisions"}],"predecessor-version":[{"id":3905,"href":"http:\/\/www.heljesten.nu\/index.php?rest_route=\/wp\/v2\/posts\/3898\/revisions\/3905"}],"wp:attachment":[{"href":"http:\/\/www.heljesten.nu\/index.php?rest_route=%2Fwp%2Fv2%2Fmedia&parent=3898"}],"wp:term":[{"taxonomy":"category","embeddable":true,"href":"http:\/\/www.heljesten.nu\/index.php?rest_route=%2Fwp%2Fv2%2Fcategories&post=3898"},{"taxonomy":"post_tag","embeddable":true,"href":"http:\/\/www.heljesten.nu\/index.php?rest_route=%2Fwp%2Fv2%2Ftags&post=3898"}],"curies":[{"name":"wp","href":"https:\/\/api.w.org\/{rel}","templated":true}]}}