{"id":3861,"date":"2014-03-11T17:28:38","date_gmt":"2014-03-11T16:28:38","guid":{"rendered":"http:\/\/www.heljesten.nu\/?p=3861"},"modified":"2014-03-11T17:28:38","modified_gmt":"2014-03-11T16:28:38","slug":"ett-litet-appeltrad-beskuret","status":"publish","type":"post","link":"http:\/\/www.heljesten.nu\/?p=3861","title":{"rendered":"Ett litet \u00e4ppeltr\u00e4d beskuret"},"content":{"rendered":"<p><a href=\"http:\/\/www.heljesten.nu\/wp-content\/uploads\/2014\/03\/2014-03-11-17.11.53.jpg\"><img decoding=\"async\" loading=\"lazy\" class=\"aligncenter size-large wp-image-3862\" alt=\"2014-03-11 17.11.53\" src=\"http:\/\/www.heljesten.nu\/wp-content\/uploads\/2014\/03\/2014-03-11-17.11.53-768x1024.jpg\" width=\"640\" height=\"853\" srcset=\"http:\/\/www.heljesten.nu\/wp-content\/uploads\/2014\/03\/2014-03-11-17.11.53-768x1024.jpg 768w, http:\/\/www.heljesten.nu\/wp-content\/uploads\/2014\/03\/2014-03-11-17.11.53-225x300.jpg 225w\" sizes=\"(max-width: 640px) 100vw, 640px\" \/><\/a>Har nu beg\u00e4rt in offert p\u00e5 nedtagning av n\u00e5gra aspar plus besk\u00e4rning av tre stora risiga \u00e4ppeltr\u00e4d. Tv\u00e5 sm\u00e5 har jag dock fixat sj\u00e4lv nu. S\u00e5 sk\u00f6nt att se dem ta lite b\u00e4ttre form.<\/p>\n<p>I \u00f6vrigt funderar jag p\u00e5 de optimala platserna f\u00f6r sittgrupper ute, men solen f\u00e5r v\u00e4l komma lite h\u00f6gre p\u00e5 himlen innan jag slutligen best\u00e4mmer mig.<\/p>\n<p>Och snart ska hundst\u00e4ngslet komma p\u00e5 plats \u00e4r det t\u00e4nkt. Det ska verkligen bli sk\u00f6nt, s\u00e4rskilt f\u00f6r Kasper, \u00e4ven om jag \u00e4r r\u00e4dd att han ska tjurrusa efter motorcyklar och cyklister utmed den gamla steng\u00e4rdesg\u00e5rden.<\/p>\n","protected":false},"excerpt":{"rendered":"<p>Har nu beg\u00e4rt in offert p\u00e5 nedtagning av n\u00e5gra aspar plus besk\u00e4rning av tre stora risiga \u00e4ppeltr\u00e4d. Tv\u00e5 sm\u00e5 har jag dock fixat sj\u00e4lv nu. S\u00e5 sk\u00f6nt att se dem ta lite b\u00e4ttre form. I \u00f6vrigt funderar jag p\u00e5 de optimala platserna f\u00f6r sittgrupper ute, men solen f\u00e5r v\u00e4l komma lite h\u00f6gre p\u00e5 himlen innan [&hellip;]<\/p>\n","protected":false},"author":1,"featured_media":0,"comment_status":"open","ping_status":"open","sticky":false,"template":"","format":"standard","meta":[],"categories":[222,244],"tags":[],"_links":{"self":[{"href":"http:\/\/www.heljesten.nu\/index.php?rest_route=\/wp\/v2\/posts\/3861"}],"collection":[{"href":"http:\/\/www.heljesten.nu\/index.php?rest_route=\/wp\/v2\/posts"}],"about":[{"href":"http:\/\/www.heljesten.nu\/index.php?rest_route=\/wp\/v2\/types\/post"}],"author":[{"embeddable":true,"href":"http:\/\/www.heljesten.nu\/index.php?rest_route=\/wp\/v2\/users\/1"}],"replies":[{"embeddable":true,"href":"http:\/\/www.heljesten.nu\/index.php?rest_route=%2Fwp%2Fv2%2Fcomments&post=3861"}],"version-history":[{"count":1,"href":"http:\/\/www.heljesten.nu\/index.php?rest_route=\/wp\/v2\/posts\/3861\/revisions"}],"predecessor-version":[{"id":3863,"href":"http:\/\/www.heljesten.nu\/index.php?rest_route=\/wp\/v2\/posts\/3861\/revisions\/3863"}],"wp:attachment":[{"href":"http:\/\/www.heljesten.nu\/index.php?rest_route=%2Fwp%2Fv2%2Fmedia&parent=3861"}],"wp:term":[{"taxonomy":"category","embeddable":true,"href":"http:\/\/www.heljesten.nu\/index.php?rest_route=%2Fwp%2Fv2%2Fcategories&post=3861"},{"taxonomy":"post_tag","embeddable":true,"href":"http:\/\/www.heljesten.nu\/index.php?rest_route=%2Fwp%2Fv2%2Ftags&post=3861"}],"curies":[{"name":"wp","href":"https:\/\/api.w.org\/{rel}","templated":true}]}}