{"id":3273,"date":"2013-10-27T15:27:37","date_gmt":"2013-10-27T14:27:37","guid":{"rendered":"http:\/\/www.heljesten.nu\/?p=3273"},"modified":"2013-10-27T15:27:37","modified_gmt":"2013-10-27T14:27:37","slug":"torsholma-gatt-i-sta","status":"publish","type":"post","link":"http:\/\/www.heljesten.nu\/?p=3273","title":{"rendered":"Torsholma \u2013 g\u00e5tt i st\u00e5"},"content":{"rendered":"<p>Nej, n\u00e4r jag kikar igenom mitt senaste Torsholma-inl\u00e4gg ser jag ju att det h\u00e4nt en del. Men i samma rasande takt som f\u00f6rut g\u00e5r det inte nu. F\u00f6rra helgen var en kompis p\u00e5 bes\u00f6k och hj\u00e4lpte mig f\u00e5 upp gardiner i alla f\u00f6nster p\u00e5 nederv\u00e5ningen samt sy ett skydd till en b\u00e4nkdyna som Kasper faktiskt ligger en del p\u00e5. Lyckat! Den beh\u00f6ver bara f\u00e5 n\u00e5t band p\u00e5 sig s\u00e5 den inte kanar omkring.<\/p>\n<p><a href=\"http:\/\/www.heljesten.nu\/wp-content\/uploads\/2013\/10\/2013-10-21-12.42.02.jpg\"><img decoding=\"async\" loading=\"lazy\" class=\"aligncenter size-large wp-image-3276\" alt=\"2013-10-21 12.42.02\" src=\"http:\/\/www.heljesten.nu\/wp-content\/uploads\/2013\/10\/2013-10-21-12.42.02-1024x768.jpg\" width=\"640\" height=\"480\" srcset=\"http:\/\/www.heljesten.nu\/wp-content\/uploads\/2013\/10\/2013-10-21-12.42.02-1024x768.jpg 1024w, http:\/\/www.heljesten.nu\/wp-content\/uploads\/2013\/10\/2013-10-21-12.42.02-300x225.jpg 300w, http:\/\/www.heljesten.nu\/wp-content\/uploads\/2013\/10\/2013-10-21-12.42.02-400x300.jpg 400w\" sizes=\"(max-width: 640px) 100vw, 640px\" \/><\/a>Den f\u00f6rre f\u00f6rr\u00e4daren m\u00e5laren \u00e4r borta ur mitt liv. Tack och lov. En ny ska komma till, har haft telefonkontakt med den firman. Men ju mer jag t\u00e4nker p\u00e5 det, desto mer lutar jag \u00e5t att de lister och f\u00f6nsternischer som inte \u00e4r gjorda f\u00e5r vara nu.<\/p>\n<p>Dels har jag f\u00e5tt nog av renovering och dels har jag f\u00e5tt svar p\u00e5 vattenproverna. Summan av det hela \u00e4r att jag har p\u00e5 tok f\u00f6r mycket kalcium och kalk (syns med blotta \u00f6gat, s\u00e5 det var ingen \u00f6verraskning), f\u00e4rg (syns ocks\u00e5, s\u00e4rskilt i toastolarna), mangan, j\u00e4rn och humus samt p\u00e5 gr\u00e4nsen f\u00f6r l\u00e5gt pH-v\u00e4rde. F\u00f6r att \u00e5tg\u00e4rda dessa problem rekommenderar man 4 apparater till det facila priset exklusive installation av 50.000 kr. H\u00e4pp. M\u00e5ste allts\u00e5 f\u00f6rs\u00f6ka spara in lite h\u00e4r och d\u00e4r. P\u00e5 m\u00e5lare, bland annat.<\/p>\n<p>Har nu lite offertf\u00f6rfr\u00e5gningar ute, s\u00e5 f\u00e5r vi se vad det leder till. N\u00e5got m\u00e5ste ju g\u00f6ras. En granne har installerat n\u00e5n liknande utrustning och g\u00e5tt fr\u00e5n h\u00e5rt till mjukt vatten med mycket b\u00e4ttre smak. L\u00e5ter ju lovande. Har ingen lust att f\u00e5 mina nyinstallerade maskiner f\u00f6rst\u00f6rda.<\/p>\n<p>P\u00e5 den positiva sidan ringde jag kommunen och har f\u00e5tt bygglovet godk\u00e4nt! Dock har det inte kommit papper p\u00e5 det \u00e4nnu, men klart \u00e4r det, s\u00e5 jag har kontaktat schaktaren. Hoppas nu det milda v\u00e4dret h\u00e5ller i sig ett tag till s\u00e5 att grunden hinner komma p\u00e5 plats utan problem och extra kostnader.<\/p>\n<p><a href=\"http:\/\/www.heljesten.nu\/wp-content\/uploads\/2013\/10\/2013-10-21-21.34.55.jpg\"><img decoding=\"async\" loading=\"lazy\" class=\"aligncenter size-large wp-image-3280\" alt=\"2013-10-21 21.34.55\" src=\"http:\/\/www.heljesten.nu\/wp-content\/uploads\/2013\/10\/2013-10-21-21.34.55-1024x564.jpg\" width=\"640\" height=\"352\" srcset=\"http:\/\/www.heljesten.nu\/wp-content\/uploads\/2013\/10\/2013-10-21-21.34.55-1024x564.jpg 1024w, http:\/\/www.heljesten.nu\/wp-content\/uploads\/2013\/10\/2013-10-21-21.34.55-300x165.jpg 300w, http:\/\/www.heljesten.nu\/wp-content\/uploads\/2013\/10\/2013-10-21-21.34.55-500x275.jpg 500w\" sizes=\"(max-width: 640px) 100vw, 640px\" \/><\/a><em>Lite f\u00e5r man kn\u00e5pa f\u00f6r att f\u00e5 till det.<\/em><br \/>\n<a href=\"http:\/\/www.heljesten.nu\/wp-content\/uploads\/2013\/10\/2013-10-21-22.14.39.jpg\"><img decoding=\"async\" loading=\"lazy\" class=\"aligncenter size-large wp-image-3279\" alt=\"2013-10-21 22.14.39\" src=\"http:\/\/www.heljesten.nu\/wp-content\/uploads\/2013\/10\/2013-10-21-22.14.39-1024x663.jpg\" width=\"640\" height=\"414\" srcset=\"http:\/\/www.heljesten.nu\/wp-content\/uploads\/2013\/10\/2013-10-21-22.14.39-1024x663.jpg 1024w, http:\/\/www.heljesten.nu\/wp-content\/uploads\/2013\/10\/2013-10-21-22.14.39-300x194.jpg 300w, http:\/\/www.heljesten.nu\/wp-content\/uploads\/2013\/10\/2013-10-21-22.14.39-462x300.jpg 462w\" sizes=\"(max-width: 640px) 100vw, 640px\" \/><\/a> Inne har en del lampor och tavlor kommit upp. Och ute har den av mig nerliade gullrish\u00e4ckens r\u00f6tter gr\u00e4vts bort av min granne Lasse.<\/p>\n<p><a href=\"http:\/\/www.heljesten.nu\/wp-content\/uploads\/2013\/10\/2013-10-20-15.27.48.jpg\"><img decoding=\"async\" loading=\"lazy\" class=\"aligncenter size-large wp-image-3275\" alt=\"2013-10-20 15.27.48\" src=\"http:\/\/www.heljesten.nu\/wp-content\/uploads\/2013\/10\/2013-10-20-15.27.48-1024x836.jpg\" width=\"640\" height=\"522\" srcset=\"http:\/\/www.heljesten.nu\/wp-content\/uploads\/2013\/10\/2013-10-20-15.27.48-1024x836.jpg 1024w, http:\/\/www.heljesten.nu\/wp-content\/uploads\/2013\/10\/2013-10-20-15.27.48-300x244.jpg 300w, http:\/\/www.heljesten.nu\/wp-content\/uploads\/2013\/10\/2013-10-20-15.27.48-367x300.jpg 367w, http:\/\/www.heljesten.nu\/wp-content\/uploads\/2013\/10\/2013-10-20-15.27.48.jpg 1945w\" sizes=\"(max-width: 640px) 100vw, 640px\" \/><\/a>Nu i helgen har jag eldat upp riset och en hel del av alla aspl\u00f6v som legat som en v\u00e5t blyertsgr\u00e5 matta p\u00e5 gr\u00e4smattan. Aspl\u00f6vet ville g\u00e4rna kv\u00e4va elden, s\u00e5 det har brunnit l\u00e5ngsamt och fint. Lite sk\u00f6nt p\u00e5 ett s\u00e4tt, men otroligt tidskr\u00e4vande ocks\u00e5. En del obr\u00e4nda rester l\u00e4r det bli.<\/p>\n<p><a href=\"http:\/\/www.heljesten.nu\/wp-content\/uploads\/2013\/10\/2013-10-26-10.46.32.jpg\"><img decoding=\"async\" loading=\"lazy\" class=\"aligncenter size-large wp-image-3277\" alt=\"2013-10-26 10.46.32\" src=\"http:\/\/www.heljesten.nu\/wp-content\/uploads\/2013\/10\/2013-10-26-10.46.32-768x1024.jpg\" width=\"640\" height=\"853\" srcset=\"http:\/\/www.heljesten.nu\/wp-content\/uploads\/2013\/10\/2013-10-26-10.46.32-768x1024.jpg 768w, http:\/\/www.heljesten.nu\/wp-content\/uploads\/2013\/10\/2013-10-26-10.46.32-225x300.jpg 225w\" sizes=\"(max-width: 640px) 100vw, 640px\" \/><\/a> <a href=\"http:\/\/www.heljesten.nu\/wp-content\/uploads\/2013\/10\/2013-10-26-23.33.03.jpg\"><img decoding=\"async\" loading=\"lazy\" class=\"aligncenter size-large wp-image-3278\" alt=\"2013-10-26 23.33.03\" src=\"http:\/\/www.heljesten.nu\/wp-content\/uploads\/2013\/10\/2013-10-26-23.33.03-785x1024.jpg\" width=\"640\" height=\"834\" srcset=\"http:\/\/www.heljesten.nu\/wp-content\/uploads\/2013\/10\/2013-10-26-23.33.03-785x1024.jpg 785w, http:\/\/www.heljesten.nu\/wp-content\/uploads\/2013\/10\/2013-10-26-23.33.03-230x300.jpg 230w, http:\/\/www.heljesten.nu\/wp-content\/uploads\/2013\/10\/2013-10-26-23.33.03.jpg 1538w\" sizes=\"(max-width: 640px) 100vw, 640px\" \/><\/a>En annan liten v\u00e4sentlig skillnad exteri\u00f6rt har det blivit ocks\u00e5. Vad f\u00e5r du lista ut sj\u00e4lv.<\/p>\n<p><a href=\"http:\/\/www.heljesten.nu\/wp-content\/uploads\/2013\/10\/2013-10-21-13.13.30.jpg\"><img decoding=\"async\" loading=\"lazy\" class=\"aligncenter size-large wp-image-3274\" alt=\"2013-10-21 13.13.30\" src=\"http:\/\/www.heljesten.nu\/wp-content\/uploads\/2013\/10\/2013-10-21-13.13.30-1024x768.jpg\" width=\"640\" height=\"480\" srcset=\"http:\/\/www.heljesten.nu\/wp-content\/uploads\/2013\/10\/2013-10-21-13.13.30-1024x768.jpg 1024w, http:\/\/www.heljesten.nu\/wp-content\/uploads\/2013\/10\/2013-10-21-13.13.30-300x225.jpg 300w, http:\/\/www.heljesten.nu\/wp-content\/uploads\/2013\/10\/2013-10-21-13.13.30-400x300.jpg 400w\" sizes=\"(max-width: 640px) 100vw, 640px\" \/><\/a><\/p>\n<p>&nbsp;<\/p>\n","protected":false},"excerpt":{"rendered":"<p>Nej, n\u00e4r jag kikar igenom mitt senaste Torsholma-inl\u00e4gg ser jag ju att det h\u00e4nt en del. Men i samma rasande takt som f\u00f6rut g\u00e5r det inte nu. F\u00f6rra helgen var en kompis p\u00e5 bes\u00f6k och hj\u00e4lpte mig f\u00e5 upp gardiner i alla f\u00f6nster p\u00e5 nederv\u00e5ningen samt sy ett skydd till en b\u00e4nkdyna som Kasper faktiskt [&hellip;]<\/p>\n","protected":false},"author":1,"featured_media":0,"comment_status":"open","ping_status":"open","sticky":false,"template":"","format":"standard","meta":[],"categories":[244],"tags":[],"_links":{"self":[{"href":"http:\/\/www.heljesten.nu\/index.php?rest_route=\/wp\/v2\/posts\/3273"}],"collection":[{"href":"http:\/\/www.heljesten.nu\/index.php?rest_route=\/wp\/v2\/posts"}],"about":[{"href":"http:\/\/www.heljesten.nu\/index.php?rest_route=\/wp\/v2\/types\/post"}],"author":[{"embeddable":true,"href":"http:\/\/www.heljesten.nu\/index.php?rest_route=\/wp\/v2\/users\/1"}],"replies":[{"embeddable":true,"href":"http:\/\/www.heljesten.nu\/index.php?rest_route=%2Fwp%2Fv2%2Fcomments&post=3273"}],"version-history":[{"count":1,"href":"http:\/\/www.heljesten.nu\/index.php?rest_route=\/wp\/v2\/posts\/3273\/revisions"}],"predecessor-version":[{"id":3281,"href":"http:\/\/www.heljesten.nu\/index.php?rest_route=\/wp\/v2\/posts\/3273\/revisions\/3281"}],"wp:attachment":[{"href":"http:\/\/www.heljesten.nu\/index.php?rest_route=%2Fwp%2Fv2%2Fmedia&parent=3273"}],"wp:term":[{"taxonomy":"category","embeddable":true,"href":"http:\/\/www.heljesten.nu\/index.php?rest_route=%2Fwp%2Fv2%2Fcategories&post=3273"},{"taxonomy":"post_tag","embeddable":true,"href":"http:\/\/www.heljesten.nu\/index.php?rest_route=%2Fwp%2Fv2%2Ftags&post=3273"}],"curies":[{"name":"wp","href":"https:\/\/api.w.org\/{rel}","templated":true}]}}