{"id":3256,"date":"2013-10-15T20:52:08","date_gmt":"2013-10-15T18:52:08","guid":{"rendered":"http:\/\/www.heljesten.nu\/?p=3256"},"modified":"2013-10-15T20:52:08","modified_gmt":"2013-10-15T18:52:08","slug":"torsholma-malarmardrom-muttrar-och-blommor","status":"publish","type":"post","link":"http:\/\/www.heljesten.nu\/?p=3256","title":{"rendered":"Torsholma \u2013 m\u00e5larmardr\u00f6m, muttrar och blommor"},"content":{"rendered":"<p>Det \u00e4r m\u00e5lningen av det sista i vardagsrummet och hallen av det som fortfarande kvarst\u00e5r som h\u00e5ller p\u00e5 att driva mig till vansinne. Det \u00e4r fruktansv\u00e4rt jobbigt att p\u00e5 s\u00e5 liten yta som jag har att hela tiden finna att alla grejer flyttats om (f\u00f6r att m\u00e5lning ska kunna ske), sen f\u00f6rsvinner m\u00e5laren iv\u00e4g f\u00f6r att \u00e5terkomma en hyppigt slumpm\u00e4ssigt vald dag, de grejer jag nu lyckats bringa aningen ordning i igen (de ligger i h\u00f6gar p\u00e5 grund av att det fortfarande saknas f\u00f6rvaring f\u00f6r dem) flyttas nu igen p\u00e5 ett annat intrikat s\u00e4tt. M\u00e4nniskor, och i synnerhet hundar, kan inte vistas i den centrala hallen och helst inte f\u00f6rflytta sig fr\u00e5n ena delen av huset till den andra. Man k\u00e4nner sig landsf\u00f6rvisad i sitt eget hus eftersom m\u00e5lning p\u00e5g\u00e5r d\u00e4r mitt i centrum av huset. Nu hoppas jag dock att jag ser ljuset i tunneln och att denna maratonm\u00e5lningsperiod (som inte borde ha tagit l\u00e5ng tid alls) \u00e4ntligen tar slut i morgon. Fast det tror jag n\u00e4r jag ser att alla m\u00e5larprylar fraktas ut ur mitt hus.<\/p>\n<p><a href=\"http:\/\/www.heljesten.nu\/wp-content\/uploads\/2013\/10\/2013-10-15-14.26.34.jpg\"><img decoding=\"async\" loading=\"lazy\" class=\"aligncenter size-large wp-image-3257\" alt=\"2013-10-15 14.26.34\" src=\"http:\/\/www.heljesten.nu\/wp-content\/uploads\/2013\/10\/2013-10-15-14.26.34-1024x768.jpg\" width=\"640\" height=\"480\" srcset=\"http:\/\/www.heljesten.nu\/wp-content\/uploads\/2013\/10\/2013-10-15-14.26.34-1024x768.jpg 1024w, http:\/\/www.heljesten.nu\/wp-content\/uploads\/2013\/10\/2013-10-15-14.26.34-300x225.jpg 300w, http:\/\/www.heljesten.nu\/wp-content\/uploads\/2013\/10\/2013-10-15-14.26.34-400x300.jpg 400w\" sizes=\"(max-width: 640px) 100vw, 640px\" \/><\/a><em>Just d\u00e4r ser det ovanligt v\u00e4lorganiserat ut.<\/em><\/p>\n<p>Men det g\u00e5r lite \u00e5t r\u00e4tt h\u00e5ll ocks\u00e5. Idag kom Marcus och monterade en garderob i den del av hallen som nu \u00e4r f\u00e4rdigm\u00e5lad. Hurra! Jag kan h\u00e4nga in lite ytterkl\u00e4der och slipper ha dem i stora sjok p\u00e5 golvet.<\/p>\n<p>Idag kom ocks\u00e5 ett efterl\u00e4ngtat paket i brevl\u00e5dan. Muttrar till k\u00f6ksbordet! Visserligen hade de missat att det skulle till skruvar ocks\u00e5 till klaffen, men det hittade jag egna i n\u00e5n \u00f6verbliven p\u00e5se fr\u00e5n n\u00e5t av alla de tidigare projekten. Ist\u00e4llet hade de lyckats skicka med monteringsbeslag som jag inte alls beh\u00f6vde. Undrar om de ens hade koll p\u00e5 vilket bord jag k\u00f6pt? N\u00e5, iallafall st\u00e5r det nu p\u00e5 plats och \u00e4r invigt. Det kommer att fungera bra p\u00e5 den yta jag har tillgodo i k\u00f6ket.<\/p>\n<p><a href=\"http:\/\/www.heljesten.nu\/wp-content\/uploads\/2013\/10\/2013-10-15-14.18.19.jpg\"><img decoding=\"async\" loading=\"lazy\" class=\"aligncenter size-large wp-image-3258\" alt=\"2013-10-15 14.18.19\" src=\"http:\/\/www.heljesten.nu\/wp-content\/uploads\/2013\/10\/2013-10-15-14.18.19-1024x768.jpg\" width=\"640\" height=\"480\" srcset=\"http:\/\/www.heljesten.nu\/wp-content\/uploads\/2013\/10\/2013-10-15-14.18.19-1024x768.jpg 1024w, http:\/\/www.heljesten.nu\/wp-content\/uploads\/2013\/10\/2013-10-15-14.18.19-300x225.jpg 300w, http:\/\/www.heljesten.nu\/wp-content\/uploads\/2013\/10\/2013-10-15-14.18.19-400x300.jpg 400w\" sizes=\"(max-width: 640px) 100vw, 640px\" \/><\/a>Ig\u00e5r l\u00e5nade jag en sticks\u00e5g f\u00f6r att kunna spr\u00e4tta upp de f\u00f6r tr\u00e5nga h\u00e5len bakp\u00e5 teveb\u00e4nken. Det visade sig att b\u00e5da h\u00e5len beh\u00f6vde s\u00e5gas upp, f\u00f6r sj\u00e4lvklart skulle scartkontakten g\u00e5 ut genom det ena och in genom det andra h\u00e5let. Numera har jag iallafall en fungerande surroundanl\u00e4ggning till teven ocks\u00e5. Ett par h\u00f6gtalare ska skruvas fast p\u00e5 v\u00e4ggen ocks\u00e5, men det k\u00e4nns enkelt i f\u00f6rh\u00e5llande till \u00f6vrigt strul med denna teveanl\u00e4ggning.<\/p>\n<p>Ig\u00e5r ringde ocks\u00e5 blombutiken i Vallentuna och hade blommor \u00e5t mig. Va? Mycket konstigt. Fyller inte \u00e5r eller n\u00e5got s\u00e5dant. Jag skulle inte vara hemma n\u00e4r de ville l\u00e4mna av s\u00e5 jag sade att jag h\u00e4mtar dem i butiken ist\u00e4llet. D\u00e5 gjorde hon buketten extra fyllig f\u00f6r att de inte beh\u00f6vde \u00e5ka ut med den. Vad stod det d\u00e5 p\u00e5 kortet? Var mycket nyfiken n\u00e4r jag fick den vackra buketten i min hand. D\u00f6m om min f\u00f6rv\u00e5ning n\u00e4r det \u00e4r en bukett fr\u00e5n EM i InfraCity! Det stod ingen n\u00e4rmare f\u00f6rklaring, men butiken verkade ny\u00f6ppnad och kanske jag var den f\u00f6rsta kunden att handla d\u00e4r f\u00f6r \u00f6ver 10.000 kronor. Eller s\u00e5. Inte vet jag. Men jag som gjorde ett s\u00e5nt f\u00e5t\u00f6ljklipp d\u00e4r, det borde ju varit jag som gett dem blommor och inte tv\u00e4rtom. Vacker \u00e4r buketten iallafall.<\/p>\n<p><a href=\"http:\/\/www.heljesten.nu\/wp-content\/uploads\/2013\/10\/2013-10-14-22.20.30.jpg\"><img decoding=\"async\" loading=\"lazy\" class=\"aligncenter size-large wp-image-3259\" alt=\"2013-10-14 22.20.30\" src=\"http:\/\/www.heljesten.nu\/wp-content\/uploads\/2013\/10\/2013-10-14-22.20.30-768x1024.jpg\" width=\"640\" height=\"853\" srcset=\"http:\/\/www.heljesten.nu\/wp-content\/uploads\/2013\/10\/2013-10-14-22.20.30-768x1024.jpg 768w, http:\/\/www.heljesten.nu\/wp-content\/uploads\/2013\/10\/2013-10-14-22.20.30-225x300.jpg 225w\" sizes=\"(max-width: 640px) 100vw, 640px\" \/><\/a><\/p>\n<p>&nbsp;<\/p>\n","protected":false},"excerpt":{"rendered":"<p>Det \u00e4r m\u00e5lningen av det sista i vardagsrummet och hallen av det som fortfarande kvarst\u00e5r som h\u00e5ller p\u00e5 att driva mig till vansinne. Det \u00e4r fruktansv\u00e4rt jobbigt att p\u00e5 s\u00e5 liten yta som jag har att hela tiden finna att alla grejer flyttats om (f\u00f6r att m\u00e5lning ska kunna ske), sen f\u00f6rsvinner m\u00e5laren iv\u00e4g f\u00f6r [&hellip;]<\/p>\n","protected":false},"author":1,"featured_media":0,"comment_status":"open","ping_status":"open","sticky":false,"template":"","format":"standard","meta":[],"categories":[244],"tags":[],"_links":{"self":[{"href":"http:\/\/www.heljesten.nu\/index.php?rest_route=\/wp\/v2\/posts\/3256"}],"collection":[{"href":"http:\/\/www.heljesten.nu\/index.php?rest_route=\/wp\/v2\/posts"}],"about":[{"href":"http:\/\/www.heljesten.nu\/index.php?rest_route=\/wp\/v2\/types\/post"}],"author":[{"embeddable":true,"href":"http:\/\/www.heljesten.nu\/index.php?rest_route=\/wp\/v2\/users\/1"}],"replies":[{"embeddable":true,"href":"http:\/\/www.heljesten.nu\/index.php?rest_route=%2Fwp%2Fv2%2Fcomments&post=3256"}],"version-history":[{"count":1,"href":"http:\/\/www.heljesten.nu\/index.php?rest_route=\/wp\/v2\/posts\/3256\/revisions"}],"predecessor-version":[{"id":3260,"href":"http:\/\/www.heljesten.nu\/index.php?rest_route=\/wp\/v2\/posts\/3256\/revisions\/3260"}],"wp:attachment":[{"href":"http:\/\/www.heljesten.nu\/index.php?rest_route=%2Fwp%2Fv2%2Fmedia&parent=3256"}],"wp:term":[{"taxonomy":"category","embeddable":true,"href":"http:\/\/www.heljesten.nu\/index.php?rest_route=%2Fwp%2Fv2%2Fcategories&post=3256"},{"taxonomy":"post_tag","embeddable":true,"href":"http:\/\/www.heljesten.nu\/index.php?rest_route=%2Fwp%2Fv2%2Ftags&post=3256"}],"curies":[{"name":"wp","href":"https:\/\/api.w.org\/{rel}","templated":true}]}}