{"id":3235,"date":"2013-10-13T18:37:35","date_gmt":"2013-10-13T16:37:35","guid":{"rendered":"http:\/\/www.heljesten.nu\/?p=3235"},"modified":"2013-10-13T18:40:43","modified_gmt":"2013-10-13T16:40:43","slug":"torsholma-fran-malarpensel-till-lie","status":"publish","type":"post","link":"http:\/\/www.heljesten.nu\/?p=3235","title":{"rendered":"Torsholma \u2013 fr\u00e5n m\u00e5larpensel till lie"},"content":{"rendered":"<p>Nu har det g\u00e5tt n\u00e4stan en vecka till. Tiden flyger iv\u00e4g i rasande takt. Och i vanlig ordning l\u00f6ses vissa problem medan andra tillkommer.<\/p>\n<p>Den h\u00e4r veckan har jag haft bes\u00f6k av en antennkille som konstaterade att det saknades en str\u00f6mapparat mellan antennen och apparaten. Han kortade ocks\u00e5 av min inkommande kabel och skalade om den med ny kontakt. Fr\u00e4schade upp den, helt enkelt. Han ber\u00e4ttade ocks\u00e5 att kabeln var skarvad utanf\u00f6r f\u00f6nstret och hj\u00e4lpte mig att isolera skarven b\u00e4ttre. Bra att veta om det dyker upp n\u00e5got nytt problem fram\u00f6ver. D\u00e4remot hj\u00e4lpte detta inte till att ge bild fr\u00e5n Boxer-boxen. D\u00e4remot gick det nu att titta p\u00e5 gratisprogrammen med antennkabeln direkt in i teven. Ett litet steg fram\u00e5t, men inte riktigt vad jag ville.<\/p>\n<p>Sen kom ett \u00e4ldre par farandes fr\u00e5n Uppsala med mina b\u00e4ddmadrasser. Inte f\u00f6rr\u00e4n efter\u00e5t ins\u00e5g jag att det nog m\u00e5ste varit (de f\u00f6rra?) \u00e4garna, de var precis lika servila som de yngre personerna i butiken. Barnen, med all s\u00e4kerhet. Oj, vilka sk\u00f6na s\u00e4ngar jag har nu. Och man kan \u00e5ka upp och ner av hj\u00e4rtats lust. Lagom h\u00f6ga \u00e4r de ocks\u00e5 efter man i f\u00f6rra efterleveransen levererat h\u00f6gre ben \u00e4n vad som ingick som standard.<\/p>\n<p>M\u00e5laren har faktiskt dykt upp vid n\u00e5gra tillf\u00e4llen och tapetserat klart i vardagsrummet samt satt v\u00e4v p\u00e5 v\u00e4ggarna i hallen och trappan. D\u00e4remot idag, n\u00e4r han skulle jobba heldag och faktiskt f\u00e5 f\u00e4rdigt det mesta, d\u00f6k han inte upp alls. Jag h\u00e5ller p\u00e5 att bli tokig p\u00e5 honom och har kontaktat min mellanhand snickaren. Tanken var ju att anlita en m\u00e5lare f\u00f6r att de sista jobben skulle g\u00e5 snabbare \u00e4n om jag gjorde dem, inte l\u00e5ngsammare! Och nu f\u00e5r jag bes\u00f6k av Tina n\u00e4sta vecka, vore ju klart en f\u00f6rdel om alla j\u00e4vla m\u00e5largrejer var borta h\u00e4rifr\u00e5n d\u00e5.<\/p>\n<p>Har sj\u00e4lv h\u00e5llit i m\u00e5larpensel och roller ocks\u00e5. Vet inte om jag redan n\u00e4mnt st\u00e4dsk\u00e5pet, men det \u00e4r nu vitm\u00e5lat inv\u00e4ndigt. I helgen har jag s\u00e5 gulm\u00e5lat den nya inbyggda garderoben, s\u00e5 med en st\u00e5ng ocks\u00e5 \u00e4r det bara att lassa in grejer d\u00e4r. Hoppas Marcus kommer med den st\u00e5ngen i b\u00f6rjan av n\u00e4sta vecka.<\/p>\n<p>Var och h\u00e4mtade en standardgarderob fr\u00e5n Marbodal p\u00e5 Beijer i H\u00e4ggvik i torsdags och passade p\u00e5 att k\u00f6pa en stege ocks\u00e5 n\u00e4r jag \u00e4nd\u00e5 hade sl\u00e4pet med mig. Stegen kom till pass redan samma dag n\u00e4r antennkillen var p\u00e5 bes\u00f6k. Marbodalgarderoben hoppas jag att Marcus s\u00e4tter upp snart i hallen f\u00f6r ytterkl\u00e4der. Den m\u00e5ste s\u00e5gas lite f\u00f6r eluttag och vattenkopplingslucka, s\u00e5 den kan jag inte montera sj\u00e4lv.<\/p>\n<p><a href=\"http:\/\/www.heljesten.nu\/wp-content\/uploads\/2013\/10\/20131013_175636.jpg\"><img decoding=\"async\" loading=\"lazy\" class=\"aligncenter size-large wp-image-3241\" alt=\"20131013_175636\" src=\"http:\/\/www.heljesten.nu\/wp-content\/uploads\/2013\/10\/20131013_175636-1024x768.jpg\" width=\"640\" height=\"480\" srcset=\"http:\/\/www.heljesten.nu\/wp-content\/uploads\/2013\/10\/20131013_175636-1024x768.jpg 1024w, http:\/\/www.heljesten.nu\/wp-content\/uploads\/2013\/10\/20131013_175636-300x225.jpg 300w, http:\/\/www.heljesten.nu\/wp-content\/uploads\/2013\/10\/20131013_175636-400x300.jpg 400w\" sizes=\"(max-width: 640px) 100vw, 640px\" \/><\/a>Montera sj\u00e4lv kunde jag inte heller det fina bj\u00f6rkbord jag var och h\u00e4mtade i \u00c5kersberga, f\u00f6r n\u00e4r jag kom hem och packade upp det visade det sig sakna skruvar och muttrar. S\u00e5 nu st\u00e5r skivorna tr\u00f6tt lutade mot k\u00f6ksv\u00e4ggen i v\u00e4ntan p\u00e5 skruvleverans.<\/p>\n<p>Ist\u00e4llet monterade jag tv-b\u00e4nken som kommit till Jysk n\u00e4r jag var d\u00e4r och fr\u00e5gade om den stora garderoben jag ska ha i sovrummet. Den garderoben saknades det n\u00e5n del till, s\u00e5 det ska vara best\u00e4llt. Tv-m\u00f6beln h\u00f6r till de j\u00e4vligaste prylar jag n\u00e5nsin monterat. Lite skev blev den, men det syns bara om man vet om det. Nu vet alla. \ud83d\ude42 Jag fick iallafall dit de tv\u00e5 handtag som Marcus r\u00e4ddat fr\u00e5n den sl\u00e4ngda k\u00f6rsb\u00e4rsm\u00f6beln, trots att skruvarna var f\u00f6r korta. Lite urfr\u00e4sning med en grov borr s\u00e5 skruvhuvudena kom ner lite fixade biffen. Men n\u00e4r jag sedan skulle dra alla kablar till de olika manickerna var de f\u00f6rberedda h\u00e5len i bakstycket f\u00f6r sm\u00e5 f\u00f6r att dra igenom en scartkabel! Okej, scart ligger v\u00e4l inte i teknikens framkant, men helt ovanligt \u00e4r det inte, och den enda anslutning som g\u00e5r att anv\u00e4nda till min dvd-spelare. Nu m\u00e5ste jag f\u00e5 tag i en sticks\u00e5g och vidga h\u00e5let. Jag blir tokig&#8230;<\/p>\n<p><img decoding=\"async\" loading=\"lazy\" class=\"aligncenter size-large wp-image-3236\" alt=\"2013-10-12 14.14.35\" src=\"http:\/\/www.heljesten.nu\/wp-content\/uploads\/2013\/10\/2013-10-12-14.14.35-768x1024.jpg\" width=\"640\" height=\"853\" srcset=\"http:\/\/www.heljesten.nu\/wp-content\/uploads\/2013\/10\/2013-10-12-14.14.35-768x1024.jpg 768w, http:\/\/www.heljesten.nu\/wp-content\/uploads\/2013\/10\/2013-10-12-14.14.35-225x300.jpg 225w\" sizes=\"(max-width: 640px) 100vw, 640px\" \/><em>Det \u00e4r fr\u00e5gan om detta \u00e4r blommor eller ogr\u00e4s. Rensade efter b\u00e4sta f\u00f6rm\u00e5ga innan jag pulade ner l\u00f6karna.<\/em><a href=\"http:\/\/www.heljesten.nu\/wp-content\/uploads\/2013\/10\/2013-10-12-15.53.34.jpg\"><img decoding=\"async\" loading=\"lazy\" class=\"aligncenter size-large wp-image-3237\" alt=\"2013-10-12 15.53.34\" src=\"http:\/\/www.heljesten.nu\/wp-content\/uploads\/2013\/10\/2013-10-12-15.53.34-768x1024.jpg\" width=\"640\" height=\"853\" srcset=\"http:\/\/www.heljesten.nu\/wp-content\/uploads\/2013\/10\/2013-10-12-15.53.34-768x1024.jpg 768w, http:\/\/www.heljesten.nu\/wp-content\/uploads\/2013\/10\/2013-10-12-15.53.34-225x300.jpg 225w\" sizes=\"(max-width: 640px) 100vw, 640px\" \/><\/a><\/p>\n<p><em>Vad glad man blir f\u00f6r n\u00e5got s\u00e5 lite som att hitta ett pl\u00e5ster. H\u00e4r \u00e4r det lika ober\u00e4kneligt som att finna n\u00e5got i en h\u00f6stack.<\/em><\/p>\n<p>I helgen var det s\u00e5 fint v\u00e4der att jag avbr\u00f6t allt innepyssel mitt p\u00e5 dagen f\u00f6r att f\u00e5 njuta ute ist\u00e4llet. Ig\u00e5r rensade jag rabatter, satte l\u00f6kar, t\u00f6mde krukorna p\u00e5 jord. Idag best\u00e4mde jag mig f\u00f6r att ge mig p\u00e5 den s\u00e5 kallade h\u00e4cken som f\u00f6rst\u00f6r hela tomten genom att vara maximalt felplacerad. S\u00e4ljaren har brukat kapa den med lie varje h\u00f6st, s\u00e5 v\u00e4xer den upp igen n\u00e4sta sommar. Nu l\u00e5nade jag hans lie efter att ha provat med min l\u00e5nga sekat\u00f6r, som var ytterst ineffektiv. Har aldrig slagit med lie f\u00f6rut, men efter ett tag fick jag in snitsen. Jag undrar om inte lieslagning \u00e4r den perfekta golftr\u00e4ningen utanf\u00f6r golfbanan, man g\u00f6r perfekta svingar i varje tag. Kommer antagligen att ha tr\u00e4ningsv\u00e4rk i dessa svingningsmuskler de n\u00e4rmaste dagarna. Men nu \u00e4r h\u00e4cken nerskuren och ligger i tre h\u00f6gar p\u00e5 tomten. De ska v\u00e4l eldas sedan, om jag bara v\u00e5gar.<\/p>\n<p><a href=\"http:\/\/www.heljesten.nu\/wp-content\/uploads\/2013\/10\/2013-10-13-14.22.49.jpg\"><img decoding=\"async\" loading=\"lazy\" class=\"aligncenter size-large wp-image-3239\" alt=\"2013-10-13 14.22.49\" src=\"http:\/\/www.heljesten.nu\/wp-content\/uploads\/2013\/10\/2013-10-13-14.22.49-768x1024.jpg\" width=\"640\" height=\"853\" srcset=\"http:\/\/www.heljesten.nu\/wp-content\/uploads\/2013\/10\/2013-10-13-14.22.49-768x1024.jpg 768w, http:\/\/www.heljesten.nu\/wp-content\/uploads\/2013\/10\/2013-10-13-14.22.49-225x300.jpg 225w\" sizes=\"(max-width: 640px) 100vw, 640px\" \/><\/a> <em>Liekvinnan har slagit till.<\/em><img decoding=\"async\" loading=\"lazy\" class=\"aligncenter size-large wp-image-3240\" alt=\"2013-10-13 14.22.36\" src=\"http:\/\/www.heljesten.nu\/wp-content\/uploads\/2013\/10\/2013-10-13-14.22.36-768x1024.jpg\" width=\"640\" height=\"853\" srcset=\"http:\/\/www.heljesten.nu\/wp-content\/uploads\/2013\/10\/2013-10-13-14.22.36-768x1024.jpg 768w, http:\/\/www.heljesten.nu\/wp-content\/uploads\/2013\/10\/2013-10-13-14.22.36-225x300.jpg 225w\" sizes=\"(max-width: 640px) 100vw, 640px\" \/><em>H\u00e4cken \u00e4r bred och ganska l\u00e5ng, och s\u00e5 h\u00f6g att man inte l\u00e4ngre kan se \u00f6ver den.\u00a0<\/em><\/p>\n<p><a href=\"http:\/\/www.heljesten.nu\/wp-content\/uploads\/2013\/10\/2013-10-13-15.40.51.jpg\"><img decoding=\"async\" loading=\"lazy\" class=\"aligncenter size-large wp-image-3238\" alt=\"2013-10-13 15.40.51\" src=\"http:\/\/www.heljesten.nu\/wp-content\/uploads\/2013\/10\/2013-10-13-15.40.51-768x1024.jpg\" width=\"640\" height=\"853\" srcset=\"http:\/\/www.heljesten.nu\/wp-content\/uploads\/2013\/10\/2013-10-13-15.40.51-768x1024.jpg 768w, http:\/\/www.heljesten.nu\/wp-content\/uploads\/2013\/10\/2013-10-13-15.40.51-225x300.jpg 225w\" sizes=\"(max-width: 640px) 100vw, 640px\" \/><\/a><em>Yezz! Vilken skillnad! Det ska bli underbart att f\u00e5 bort r\u00f6tterna ocks\u00e5. Det \u00e4r en vass stubb d\u00e4r nu och jag uppt\u00e4ckte en niv\u00e5skillnad p\u00e5 tomten just d\u00e4r som jag inte lagt m\u00e4rke till f\u00f6rut.\u00a0<\/em><\/p>\n<p>Jag har dessutom pratat med grannen Lasse som lovat kika \u00f6ver n\u00e4sta helg med sin gr\u00e4vskopa och gr\u00e4va bort r\u00f6tterna \u00e5t mig, s\u00e5 jag slipper el\u00e4ndet. Sk\u00f6nt!<\/p>\n<p>Jag testade ocks\u00e5 nu n\u00e5gra tips p\u00e5 webben om vad man kan g\u00f6ra om man har hdmi-problem. Det ena tipset gick ut p\u00e5 att om problemet uppst\u00e5r n\u00e4r man kopplat in ny utrustning (Boxern), st\u00e4nga av allt och testa igen utan denna utrustning inkopplad. Nu funkade laptopen ihop med teven precis som f\u00f6rut!<\/p>\n<p><a href=\"http:\/\/www.heljesten.nu\/wp-content\/uploads\/2013\/10\/20131013_170755.jpg\"><img decoding=\"async\" loading=\"lazy\" class=\"aligncenter size-large wp-image-3243\" alt=\"20131013_170755\" src=\"http:\/\/www.heljesten.nu\/wp-content\/uploads\/2013\/10\/20131013_170755-1024x768.jpg\" width=\"640\" height=\"480\" srcset=\"http:\/\/www.heljesten.nu\/wp-content\/uploads\/2013\/10\/20131013_170755-1024x768.jpg 1024w, http:\/\/www.heljesten.nu\/wp-content\/uploads\/2013\/10\/20131013_170755-300x225.jpg 300w, http:\/\/www.heljesten.nu\/wp-content\/uploads\/2013\/10\/20131013_170755-400x300.jpg 400w\" sizes=\"(max-width: 640px) 100vw, 640px\" \/><\/a><em>Tjoho! Datorskrivbordet visas p\u00e5 teven.<\/em><\/p>\n<p>Det handlar allts\u00e5 om ett handskakningsproblem. N\u00e4sta tips gick ut p\u00e5 att starta de olika apparaterna i en viss ordning. Eftersom jag f\u00e5tt laptopen att fungera genom att f\u00f6rst starta Sony-teven, sen laptopen testade jag nu att som tredje apparat starta Boxern efter att ha flyttat antennkabeln och kopplat in hdmisladden i Boxerboxen. J\u00f6sses! Nu fungerar \u00e4ven den!<\/p>\n<p><a href=\"http:\/\/www.heljesten.nu\/wp-content\/uploads\/2013\/10\/20131013_171313.jpg\"><img decoding=\"async\" loading=\"lazy\" class=\"aligncenter size-large wp-image-3242\" alt=\"20131013_171313\" src=\"http:\/\/www.heljesten.nu\/wp-content\/uploads\/2013\/10\/20131013_171313-1024x768.jpg\" width=\"640\" height=\"480\" srcset=\"http:\/\/www.heljesten.nu\/wp-content\/uploads\/2013\/10\/20131013_171313-1024x768.jpg 1024w, http:\/\/www.heljesten.nu\/wp-content\/uploads\/2013\/10\/20131013_171313-300x225.jpg 300w, http:\/\/www.heljesten.nu\/wp-content\/uploads\/2013\/10\/20131013_171313-400x300.jpg 400w\" sizes=\"(max-width: 640px) 100vw, 640px\" \/><\/a><em>Testade trean, som ju inte \u00e4r en gratiskanal. Bild!<\/em><\/p>\n<p>Det \u00e4r allts\u00e5 Boxern som \u00e4r boven i dramat och inte har en korrekt hdmi-specifikation f\u00f6r handskakningsproceduren. Vilken tur att jag uppt\u00e4ckte hur man kunde lura den och slapp k\u00f6pa en ny teve n\u00e4r jag redan har en utm\u00e4rkt s\u00e5dan. Puh.<\/p>\n<p>&nbsp;<\/p>\n","protected":false},"excerpt":{"rendered":"<p>Nu har det g\u00e5tt n\u00e4stan en vecka till. Tiden flyger iv\u00e4g i rasande takt. Och i vanlig ordning l\u00f6ses vissa problem medan andra tillkommer. Den h\u00e4r veckan har jag haft bes\u00f6k av en antennkille som konstaterade att det saknades en str\u00f6mapparat mellan antennen och apparaten. Han kortade ocks\u00e5 av min inkommande kabel och skalade om [&hellip;]<\/p>\n","protected":false},"author":1,"featured_media":0,"comment_status":"open","ping_status":"open","sticky":false,"template":"","format":"standard","meta":[],"categories":[244],"tags":[],"_links":{"self":[{"href":"http:\/\/www.heljesten.nu\/index.php?rest_route=\/wp\/v2\/posts\/3235"}],"collection":[{"href":"http:\/\/www.heljesten.nu\/index.php?rest_route=\/wp\/v2\/posts"}],"about":[{"href":"http:\/\/www.heljesten.nu\/index.php?rest_route=\/wp\/v2\/types\/post"}],"author":[{"embeddable":true,"href":"http:\/\/www.heljesten.nu\/index.php?rest_route=\/wp\/v2\/users\/1"}],"replies":[{"embeddable":true,"href":"http:\/\/www.heljesten.nu\/index.php?rest_route=%2Fwp%2Fv2%2Fcomments&post=3235"}],"version-history":[{"count":5,"href":"http:\/\/www.heljesten.nu\/index.php?rest_route=\/wp\/v2\/posts\/3235\/revisions"}],"predecessor-version":[{"id":3248,"href":"http:\/\/www.heljesten.nu\/index.php?rest_route=\/wp\/v2\/posts\/3235\/revisions\/3248"}],"wp:attachment":[{"href":"http:\/\/www.heljesten.nu\/index.php?rest_route=%2Fwp%2Fv2%2Fmedia&parent=3235"}],"wp:term":[{"taxonomy":"category","embeddable":true,"href":"http:\/\/www.heljesten.nu\/index.php?rest_route=%2Fwp%2Fv2%2Fcategories&post=3235"},{"taxonomy":"post_tag","embeddable":true,"href":"http:\/\/www.heljesten.nu\/index.php?rest_route=%2Fwp%2Fv2%2Ftags&post=3235"}],"curies":[{"name":"wp","href":"https:\/\/api.w.org\/{rel}","templated":true}]}}