{"id":3124,"date":"2013-09-20T21:21:31","date_gmt":"2013-09-20T19:21:31","guid":{"rendered":"http:\/\/www.heljesten.nu\/?p=3124"},"modified":"2013-09-20T21:21:31","modified_gmt":"2013-09-20T19:21:31","slug":"124-i-vantan-pa-nr-209-365","status":"publish","type":"post","link":"http:\/\/www.heljesten.nu\/?p=3124","title":{"rendered":"124 I v\u00e4ntan p\u00e5 &#8211; nr 209 (365)"},"content":{"rendered":"<p><a href=\"http:\/\/www.heljesten.nu\/wp-content\/uploads\/2013\/09\/124-I-v\u00e4ntan-p\u00e5_209-365.jpg\"><img decoding=\"async\" loading=\"lazy\" class=\"aligncenter size-large wp-image-3125\" alt=\"124-I-v\u00e4ntan-p\u00e5_209-365\" src=\"http:\/\/www.heljesten.nu\/wp-content\/uploads\/2013\/09\/124-I-v\u00e4ntan-p\u00e5_209-365-682x1024.jpg\" width=\"640\" height=\"960\" srcset=\"http:\/\/www.heljesten.nu\/wp-content\/uploads\/2013\/09\/124-I-v\u00e4ntan-p\u00e5_209-365-682x1024.jpg 682w, http:\/\/www.heljesten.nu\/wp-content\/uploads\/2013\/09\/124-I-v\u00e4ntan-p\u00e5_209-365-200x300.jpg 200w, http:\/\/www.heljesten.nu\/wp-content\/uploads\/2013\/09\/124-I-v\u00e4ntan-p\u00e5_209-365.jpg 1518w\" sizes=\"(max-width: 640px) 100vw, 640px\" \/><\/a>I v\u00e4ntan \u00a0p\u00e5 Godot&#8230; n\u00e4, kanske inte. Men i v\u00e4ntan p\u00e5 en b\u00e5tutflykt. Eller p\u00e5 att g\u00e4ddan ska hugga i vassen. Allt ligger stilla och v\u00e4ntar p\u00e5 n\u00e5got. Bara Kasper g\u00e5r f\u00f6rstr\u00f6tt och nosar \u00a0p\u00e5 n\u00e5got. Det \u00e4r som om han v\u00e4ntar ocks\u00e5.\u00a0Kanske p\u00e5 att en liten mus ska dyka upp.<\/p>\n<p>Bilden \u00e4r tagen med vidvinkelobjektiv p\u00e5 22 mm med 1\/320 sek, f 4,5 och ISO 160.<\/p>\n<p>&nbsp;<\/p>\n","protected":false},"excerpt":{"rendered":"<p>I v\u00e4ntan \u00a0p\u00e5 Godot&#8230; n\u00e4, kanske inte. Men i v\u00e4ntan p\u00e5 en b\u00e5tutflykt. Eller p\u00e5 att g\u00e4ddan ska hugga i vassen. Allt ligger stilla och v\u00e4ntar p\u00e5 n\u00e5got. Bara Kasper g\u00e5r f\u00f6rstr\u00f6tt och nosar \u00a0p\u00e5 n\u00e5got. Det \u00e4r som om han v\u00e4ntar ocks\u00e5.\u00a0Kanske p\u00e5 att en liten mus ska dyka upp. Bilden \u00e4r tagen med [&hellip;]<\/p>\n","protected":false},"author":1,"featured_media":0,"comment_status":"open","ping_status":"open","sticky":false,"template":"","format":"standard","meta":[],"categories":[235],"tags":[],"_links":{"self":[{"href":"http:\/\/www.heljesten.nu\/index.php?rest_route=\/wp\/v2\/posts\/3124"}],"collection":[{"href":"http:\/\/www.heljesten.nu\/index.php?rest_route=\/wp\/v2\/posts"}],"about":[{"href":"http:\/\/www.heljesten.nu\/index.php?rest_route=\/wp\/v2\/types\/post"}],"author":[{"embeddable":true,"href":"http:\/\/www.heljesten.nu\/index.php?rest_route=\/wp\/v2\/users\/1"}],"replies":[{"embeddable":true,"href":"http:\/\/www.heljesten.nu\/index.php?rest_route=%2Fwp%2Fv2%2Fcomments&post=3124"}],"version-history":[{"count":1,"href":"http:\/\/www.heljesten.nu\/index.php?rest_route=\/wp\/v2\/posts\/3124\/revisions"}],"predecessor-version":[{"id":3126,"href":"http:\/\/www.heljesten.nu\/index.php?rest_route=\/wp\/v2\/posts\/3124\/revisions\/3126"}],"wp:attachment":[{"href":"http:\/\/www.heljesten.nu\/index.php?rest_route=%2Fwp%2Fv2%2Fmedia&parent=3124"}],"wp:term":[{"taxonomy":"category","embeddable":true,"href":"http:\/\/www.heljesten.nu\/index.php?rest_route=%2Fwp%2Fv2%2Fcategories&post=3124"},{"taxonomy":"post_tag","embeddable":true,"href":"http:\/\/www.heljesten.nu\/index.php?rest_route=%2Fwp%2Fv2%2Ftags&post=3124"}],"curies":[{"name":"wp","href":"https:\/\/api.w.org\/{rel}","templated":true}]}}