{"id":3115,"date":"2013-09-20T21:12:59","date_gmt":"2013-09-20T19:12:59","guid":{"rendered":"http:\/\/www.heljesten.nu\/?p=3115"},"modified":"2013-09-20T21:12:59","modified_gmt":"2013-09-20T19:12:59","slug":"53-eftermiddag-nr-206-365","status":"publish","type":"post","link":"http:\/\/www.heljesten.nu\/?p=3115","title":{"rendered":"53 Eftermiddag &#8211; nr 206 (365)"},"content":{"rendered":"<p><a href=\"http:\/\/www.heljesten.nu\/wp-content\/uploads\/2013\/09\/53-Eftermiddag_206-365.jpg\"><img decoding=\"async\" loading=\"lazy\" class=\"aligncenter size-large wp-image-3116\" alt=\"53-Eftermiddag_206-365\" src=\"http:\/\/www.heljesten.nu\/wp-content\/uploads\/2013\/09\/53-Eftermiddag_206-365-1024x682.jpg\" width=\"640\" height=\"426\" srcset=\"http:\/\/www.heljesten.nu\/wp-content\/uploads\/2013\/09\/53-Eftermiddag_206-365-1024x682.jpg 1024w, http:\/\/www.heljesten.nu\/wp-content\/uploads\/2013\/09\/53-Eftermiddag_206-365-300x200.jpg 300w, http:\/\/www.heljesten.nu\/wp-content\/uploads\/2013\/09\/53-Eftermiddag_206-365-450x300.jpg 450w\" sizes=\"(max-width: 640px) 100vw, 640px\" \/><\/a>Fick bes\u00f6k en eftermiddag som lockade mig att ta fram riktiga kameran igen. Vad roligt det var!<\/p>\n<p>Bilden \u00e4r tagen med vidvinkelobjektiv p\u00e5\u00a022 mm med 1\/250 sek, f 13 och ISO 1000.<\/p>\n<p>&nbsp;<\/p>\n","protected":false},"excerpt":{"rendered":"<p>Fick bes\u00f6k en eftermiddag som lockade mig att ta fram riktiga kameran igen. Vad roligt det var! Bilden \u00e4r tagen med vidvinkelobjektiv p\u00e5\u00a022 mm med 1\/250 sek, f 13 och ISO 1000. &nbsp;<\/p>\n","protected":false},"author":1,"featured_media":0,"comment_status":"open","ping_status":"open","sticky":false,"template":"","format":"standard","meta":[],"categories":[235],"tags":[],"_links":{"self":[{"href":"http:\/\/www.heljesten.nu\/index.php?rest_route=\/wp\/v2\/posts\/3115"}],"collection":[{"href":"http:\/\/www.heljesten.nu\/index.php?rest_route=\/wp\/v2\/posts"}],"about":[{"href":"http:\/\/www.heljesten.nu\/index.php?rest_route=\/wp\/v2\/types\/post"}],"author":[{"embeddable":true,"href":"http:\/\/www.heljesten.nu\/index.php?rest_route=\/wp\/v2\/users\/1"}],"replies":[{"embeddable":true,"href":"http:\/\/www.heljesten.nu\/index.php?rest_route=%2Fwp%2Fv2%2Fcomments&post=3115"}],"version-history":[{"count":1,"href":"http:\/\/www.heljesten.nu\/index.php?rest_route=\/wp\/v2\/posts\/3115\/revisions"}],"predecessor-version":[{"id":3117,"href":"http:\/\/www.heljesten.nu\/index.php?rest_route=\/wp\/v2\/posts\/3115\/revisions\/3117"}],"wp:attachment":[{"href":"http:\/\/www.heljesten.nu\/index.php?rest_route=%2Fwp%2Fv2%2Fmedia&parent=3115"}],"wp:term":[{"taxonomy":"category","embeddable":true,"href":"http:\/\/www.heljesten.nu\/index.php?rest_route=%2Fwp%2Fv2%2Fcategories&post=3115"},{"taxonomy":"post_tag","embeddable":true,"href":"http:\/\/www.heljesten.nu\/index.php?rest_route=%2Fwp%2Fv2%2Ftags&post=3115"}],"curies":[{"name":"wp","href":"https:\/\/api.w.org\/{rel}","templated":true}]}}