{"id":3100,"date":"2013-09-20T18:12:17","date_gmt":"2013-09-20T16:12:17","guid":{"rendered":"http:\/\/www.heljesten.nu\/?p=3100"},"modified":"2013-09-20T18:12:17","modified_gmt":"2013-09-20T16:12:17","slug":"torsholma-veden-fardigburen","status":"publish","type":"post","link":"http:\/\/www.heljesten.nu\/?p=3100","title":{"rendered":"Torsholma \u2013 veden f\u00e4rdigburen"},"content":{"rendered":"<p>J\u00f6sses, vad mycket vedklabbar det var att ta reda p\u00e5 efter de f\u00e4llda tr\u00e4den. Egentligen skulle jag beh\u00f6vt en lastpall till, men det fick duga \u00e4nd\u00e5 s\u00e5 l\u00e4nge. S\u00e5 snart jag f\u00e5r tag p\u00e5 en (kyl-\/frysen n\u00e4sta vecka?) s\u00e5 ska den kvarvarande h\u00f6gen vid sidan om ordnas till lite b\u00e4ttre ocks\u00e5.<\/p>\n<p><a href=\"http:\/\/www.heljesten.nu\/wp-content\/uploads\/2013\/09\/20130920_120426.jpg\"><img decoding=\"async\" loading=\"lazy\" class=\"aligncenter size-large wp-image-3101\" alt=\"20130920_120426\" src=\"http:\/\/www.heljesten.nu\/wp-content\/uploads\/2013\/09\/20130920_120426-1024x768.jpg\" width=\"640\" height=\"480\" srcset=\"http:\/\/www.heljesten.nu\/wp-content\/uploads\/2013\/09\/20130920_120426-1024x768.jpg 1024w, http:\/\/www.heljesten.nu\/wp-content\/uploads\/2013\/09\/20130920_120426-300x225.jpg 300w, http:\/\/www.heljesten.nu\/wp-content\/uploads\/2013\/09\/20130920_120426-400x300.jpg 400w\" sizes=\"(max-width: 640px) 100vw, 640px\" \/><\/a>\u00a0V\u00e5gar inte stapla h\u00f6gre s\u00e5 inte allt rasar samman. H\u00f6gen \u00e4r sex lastpallar stor.<\/p>\n<p>Inne jobbar Marcus vidare. Idag h\u00f6ll han bland annat p\u00e5 med fogning av k\u00f6kskaklet. Och det r\u00e4ckte till att kakla ventilationstrumman. Vint, va?<\/p>\n<p><a href=\"http:\/\/www.heljesten.nu\/wp-content\/uploads\/2013\/09\/20130920_110031.jpg\"><img decoding=\"async\" loading=\"lazy\" class=\"aligncenter size-large wp-image-3102\" alt=\"20130920_110031\" src=\"http:\/\/www.heljesten.nu\/wp-content\/uploads\/2013\/09\/20130920_110031-1024x768.jpg\" width=\"640\" height=\"480\" srcset=\"http:\/\/www.heljesten.nu\/wp-content\/uploads\/2013\/09\/20130920_110031-1024x768.jpg 1024w, http:\/\/www.heljesten.nu\/wp-content\/uploads\/2013\/09\/20130920_110031-300x225.jpg 300w, http:\/\/www.heljesten.nu\/wp-content\/uploads\/2013\/09\/20130920_110031-400x300.jpg 400w\" sizes=\"(max-width: 640px) 100vw, 640px\" \/><\/a>Sen har d\u00f6rrarna till skafferisk\u00e5pet kommit p\u00e5 plats.<\/p>\n<p><a href=\"http:\/\/www.heljesten.nu\/wp-content\/uploads\/2013\/09\/20130920_110039.jpg\"><img decoding=\"async\" loading=\"lazy\" class=\"aligncenter size-large wp-image-3103\" alt=\"20130920_110039\" src=\"http:\/\/www.heljesten.nu\/wp-content\/uploads\/2013\/09\/20130920_110039-768x1024.jpg\" width=\"640\" height=\"853\" srcset=\"http:\/\/www.heljesten.nu\/wp-content\/uploads\/2013\/09\/20130920_110039-768x1024.jpg 768w, http:\/\/www.heljesten.nu\/wp-content\/uploads\/2013\/09\/20130920_110039-225x300.jpg 225w\" sizes=\"(max-width: 640px) 100vw, 640px\" \/><\/a>Har inte visat hur fint det blev uppe med golvet mot den gr\u00f6na v\u00e4ggen. Bilden blev inte s\u00e5 skarp och bra, men f\u00e5r duga.<\/p>\n<p><a href=\"http:\/\/www.heljesten.nu\/wp-content\/uploads\/2013\/09\/20130920_110210.jpg\"><img decoding=\"async\" loading=\"lazy\" class=\"aligncenter size-large wp-image-3104\" alt=\"20130920_110210\" src=\"http:\/\/www.heljesten.nu\/wp-content\/uploads\/2013\/09\/20130920_110210-768x1024.jpg\" width=\"640\" height=\"853\" srcset=\"http:\/\/www.heljesten.nu\/wp-content\/uploads\/2013\/09\/20130920_110210-768x1024.jpg 768w, http:\/\/www.heljesten.nu\/wp-content\/uploads\/2013\/09\/20130920_110210-225x300.jpg 225w\" sizes=\"(max-width: 640px) 100vw, 640px\" \/><\/a><\/p>\n<p>Nu blir det full fart n\u00e4sta vecka. Hallgolvet \u00e4r flytspacklat med golvv\u00e4rmeslingor och ska nu kaklas. M\u00e5laren har \u00e4nnu inte dykt upp och elektrikern har en del kvar att g\u00f6ra. s\u00e5 det \u00e5terst\u00e5r en hel del innan dagen F intr\u00e4ffar om 9 dagar.<\/p>\n<p>&nbsp;<\/p>\n<p>&nbsp;<\/p>\n","protected":false},"excerpt":{"rendered":"<p>J\u00f6sses, vad mycket vedklabbar det var att ta reda p\u00e5 efter de f\u00e4llda tr\u00e4den. Egentligen skulle jag beh\u00f6vt en lastpall till, men det fick duga \u00e4nd\u00e5 s\u00e5 l\u00e4nge. S\u00e5 snart jag f\u00e5r tag p\u00e5 en (kyl-\/frysen n\u00e4sta vecka?) s\u00e5 ska den kvarvarande h\u00f6gen vid sidan om ordnas till lite b\u00e4ttre ocks\u00e5. \u00a0V\u00e5gar inte stapla h\u00f6gre [&hellip;]<\/p>\n","protected":false},"author":1,"featured_media":0,"comment_status":"open","ping_status":"open","sticky":false,"template":"","format":"standard","meta":[],"categories":[244],"tags":[],"_links":{"self":[{"href":"http:\/\/www.heljesten.nu\/index.php?rest_route=\/wp\/v2\/posts\/3100"}],"collection":[{"href":"http:\/\/www.heljesten.nu\/index.php?rest_route=\/wp\/v2\/posts"}],"about":[{"href":"http:\/\/www.heljesten.nu\/index.php?rest_route=\/wp\/v2\/types\/post"}],"author":[{"embeddable":true,"href":"http:\/\/www.heljesten.nu\/index.php?rest_route=\/wp\/v2\/users\/1"}],"replies":[{"embeddable":true,"href":"http:\/\/www.heljesten.nu\/index.php?rest_route=%2Fwp%2Fv2%2Fcomments&post=3100"}],"version-history":[{"count":1,"href":"http:\/\/www.heljesten.nu\/index.php?rest_route=\/wp\/v2\/posts\/3100\/revisions"}],"predecessor-version":[{"id":3105,"href":"http:\/\/www.heljesten.nu\/index.php?rest_route=\/wp\/v2\/posts\/3100\/revisions\/3105"}],"wp:attachment":[{"href":"http:\/\/www.heljesten.nu\/index.php?rest_route=%2Fwp%2Fv2%2Fmedia&parent=3100"}],"wp:term":[{"taxonomy":"category","embeddable":true,"href":"http:\/\/www.heljesten.nu\/index.php?rest_route=%2Fwp%2Fv2%2Fcategories&post=3100"},{"taxonomy":"post_tag","embeddable":true,"href":"http:\/\/www.heljesten.nu\/index.php?rest_route=%2Fwp%2Fv2%2Ftags&post=3100"}],"curies":[{"name":"wp","href":"https:\/\/api.w.org\/{rel}","templated":true}]}}