{"id":234,"date":"2012-01-23T09:54:00","date_gmt":"2012-01-23T08:54:00","guid":{"rendered":"http:\/\/www.heljesten.nu\/?p=234"},"modified":"2012-01-23T09:54:00","modified_gmt":"2012-01-23T08:54:00","slug":"vykort-fran-mauritius","status":"publish","type":"post","link":"http:\/\/www.heljesten.nu\/?p=234","title":{"rendered":"Vykort fr\u00e5n Mauritius"},"content":{"rendered":"<p>Jag ska skriva lite mer om Mauritius, har jag t\u00e4nkt mig, men tills dess f\u00e5r ni h\u00e5lla tillgodo med detta medley som Rolf har kn\u00e5pat ihop. Vissa bilder har han fotat, andra jag. \u00c4r mest n\u00f6jd med den bild jag fick till p\u00e5 den plaskande flickan, den s\u00e4ger p\u00e5 n\u00e5got s\u00e4tt allt.<\/p>\n<p><a href=\"http:\/\/evrodoc.se\/mauritius\/\">http:\/\/evrodoc.se\/mauritius\/<\/a><\/p>\n","protected":false},"excerpt":{"rendered":"<p>Jag ska skriva lite mer om Mauritius, har jag t\u00e4nkt mig, men tills dess f\u00e5r ni h\u00e5lla tillgodo med detta medley som Rolf har kn\u00e5pat ihop. Vissa bilder har han fotat, andra jag. \u00c4r mest n\u00f6jd med den bild jag fick till p\u00e5 den plaskande flickan, den s\u00e4ger p\u00e5 n\u00e5got s\u00e4tt allt. http:\/\/evrodoc.se\/mauritius\/<\/p>\n","protected":false},"author":1,"featured_media":0,"comment_status":"open","ping_status":"open","sticky":false,"template":"","format":"standard","meta":[],"categories":[74],"tags":[],"_links":{"self":[{"href":"http:\/\/www.heljesten.nu\/index.php?rest_route=\/wp\/v2\/posts\/234"}],"collection":[{"href":"http:\/\/www.heljesten.nu\/index.php?rest_route=\/wp\/v2\/posts"}],"about":[{"href":"http:\/\/www.heljesten.nu\/index.php?rest_route=\/wp\/v2\/types\/post"}],"author":[{"embeddable":true,"href":"http:\/\/www.heljesten.nu\/index.php?rest_route=\/wp\/v2\/users\/1"}],"replies":[{"embeddable":true,"href":"http:\/\/www.heljesten.nu\/index.php?rest_route=%2Fwp%2Fv2%2Fcomments&post=234"}],"version-history":[{"count":0,"href":"http:\/\/www.heljesten.nu\/index.php?rest_route=\/wp\/v2\/posts\/234\/revisions"}],"wp:attachment":[{"href":"http:\/\/www.heljesten.nu\/index.php?rest_route=%2Fwp%2Fv2%2Fmedia&parent=234"}],"wp:term":[{"taxonomy":"category","embeddable":true,"href":"http:\/\/www.heljesten.nu\/index.php?rest_route=%2Fwp%2Fv2%2Fcategories&post=234"},{"taxonomy":"post_tag","embeddable":true,"href":"http:\/\/www.heljesten.nu\/index.php?rest_route=%2Fwp%2Fv2%2Ftags&post=234"}],"curies":[{"name":"wp","href":"https:\/\/api.w.org\/{rel}","templated":true}]}}