{"id":212,"date":"2012-02-20T14:19:00","date_gmt":"2012-02-20T13:19:00","guid":{"rendered":"http:\/\/www.heljesten.nu\/?p=212"},"modified":"2012-02-20T14:19:00","modified_gmt":"2012-02-20T13:19:00","slug":"forra-veckans-vagor","status":"publish","type":"post","link":"http:\/\/www.heljesten.nu\/?p=212","title":{"rendered":"F\u00f6rra veckans v\u00e5gor"},"content":{"rendered":"<div><a href=\"http:\/\/4.bp.blogspot.com\/-Nao7NuXym5c\/T0JOHBLPEaI\/AAAAAAAAEE0\/1pKRzZ1HMIY\/s1600\/Photo1-735534.jpg\"><img decoding=\"async\" alt=\"\" border=\"0\" id=\"BLOGGER_PHOTO_ID_5711213159940821410\" src=\"http:\/\/4.bp.blogspot.com\/-Nao7NuXym5c\/T0JOHBLPEaI\/AAAAAAAAEE0\/1pKRzZ1HMIY\/s320\/Photo1-735534.jpg\" \/><\/a><\/div>\n<div><\/div>\n<div>L\u00e4rarens visningsexemplar f\u00f6r hur vi skulle m\u00e5la.<\/div>\n<div>V\u00e5ra egna alster blev inte alls lika fina &#8230;<\/div>\n","protected":false},"excerpt":{"rendered":"<p>L\u00e4rarens visningsexemplar f\u00f6r hur vi skulle m\u00e5la. V\u00e5ra egna alster blev inte alls lika fina &#8230;<\/p>\n","protected":false},"author":1,"featured_media":0,"comment_status":"open","ping_status":"open","sticky":false,"template":"","format":"standard","meta":[],"categories":[1],"tags":[],"_links":{"self":[{"href":"http:\/\/www.heljesten.nu\/index.php?rest_route=\/wp\/v2\/posts\/212"}],"collection":[{"href":"http:\/\/www.heljesten.nu\/index.php?rest_route=\/wp\/v2\/posts"}],"about":[{"href":"http:\/\/www.heljesten.nu\/index.php?rest_route=\/wp\/v2\/types\/post"}],"author":[{"embeddable":true,"href":"http:\/\/www.heljesten.nu\/index.php?rest_route=\/wp\/v2\/users\/1"}],"replies":[{"embeddable":true,"href":"http:\/\/www.heljesten.nu\/index.php?rest_route=%2Fwp%2Fv2%2Fcomments&post=212"}],"version-history":[{"count":0,"href":"http:\/\/www.heljesten.nu\/index.php?rest_route=\/wp\/v2\/posts\/212\/revisions"}],"wp:attachment":[{"href":"http:\/\/www.heljesten.nu\/index.php?rest_route=%2Fwp%2Fv2%2Fmedia&parent=212"}],"wp:term":[{"taxonomy":"category","embeddable":true,"href":"http:\/\/www.heljesten.nu\/index.php?rest_route=%2Fwp%2Fv2%2Fcategories&post=212"},{"taxonomy":"post_tag","embeddable":true,"href":"http:\/\/www.heljesten.nu\/index.php?rest_route=%2Fwp%2Fv2%2Ftags&post=212"}],"curies":[{"name":"wp","href":"https:\/\/api.w.org\/{rel}","templated":true}]}}