{"id":207,"date":"2012-02-28T10:18:00","date_gmt":"2012-02-28T09:18:00","guid":{"rendered":"http:\/\/www.heljesten.nu\/?p=207"},"modified":"2012-02-28T10:18:00","modified_gmt":"2012-02-28T09:18:00","slug":"anmalda","status":"publish","type":"post","link":"http:\/\/www.heljesten.nu\/?p=207","title":{"rendered":"Anm\u00e4lda"},"content":{"rendered":"<p>Nu har jag anm\u00e4lt hundarna till f\u00f6ljande i v\u00e5r:<\/p>\n<p><b>Kasper<\/b><br \/>Rallylydnad nkl i Vallentuna l\u00f6r 21 april<\/p>\n<p><b>Lakrits<\/b><br \/>WT nkl p\u00e5 Liding\u00f6 s\u00f6n 15 april<\/p>\n<p>Rallylydnad nkl i Vallentuna\u00a0l\u00f6r\u00a021 april<br \/>Lydnad lkl 1\u00a0i Vallentuna\u00a0l\u00f6r\u00a021 april<br \/>B-prov\u00a0nkl\u00a0i Bro s\u00f6n 22 april<\/p>\n<p>Sp\u00e5rhelg i J\u00e4garhyddan l\u00f6r 28\u2013s\u00f6n 29 april (kurs, inte t\u00e4vling)<\/p>\n<p>B-prov\u00a0nkl\u00a0i Veckholm tis 1 maj<\/p>\n<p>B-prov\u00a0nkl\u00a0i R\u00e5by fre 11 maj<\/p>\n<p>Med sikte p\u00e5 \u00f6kl p\u00e5 <a href=\"http:\/\/www.retrievertraining.eu\/\">Lilla Tr\u00e4skaten<\/a> l\u00f6r 19\u2013s\u00f6n 20 maj (kurs)<\/p>\n<p>Uj, vad det ser mycket ut n\u00e4r man listar det s\u00e5 h\u00e4r. Men de tre B-proven \u00e4r f\u00f6r att man dels kan bli bortlottad, och dels f\u00f6r att jag vill s\u00e4kra upp om han skulle pipa sig bort fr\u00e5n ett f\u00f6rstapris. Annars vet jag ju att han klarar det.<\/p>\n","protected":false},"excerpt":{"rendered":"<p>Nu har jag anm\u00e4lt hundarna till f\u00f6ljande i v\u00e5r: KasperRallylydnad nkl i Vallentuna l\u00f6r 21 april LakritsWT nkl p\u00e5 Liding\u00f6 s\u00f6n 15 april Rallylydnad nkl i Vallentuna\u00a0l\u00f6r\u00a021 aprilLydnad lkl 1\u00a0i Vallentuna\u00a0l\u00f6r\u00a021 aprilB-prov\u00a0nkl\u00a0i Bro s\u00f6n 22 april Sp\u00e5rhelg i J\u00e4garhyddan l\u00f6r 28\u2013s\u00f6n 29 april (kurs, inte t\u00e4vling) B-prov\u00a0nkl\u00a0i Veckholm tis 1 maj B-prov\u00a0nkl\u00a0i R\u00e5by fre 11 [&hellip;]<\/p>\n","protected":false},"author":1,"featured_media":0,"comment_status":"open","ping_status":"open","sticky":false,"template":"","format":"standard","meta":[],"categories":[1],"tags":[],"_links":{"self":[{"href":"http:\/\/www.heljesten.nu\/index.php?rest_route=\/wp\/v2\/posts\/207"}],"collection":[{"href":"http:\/\/www.heljesten.nu\/index.php?rest_route=\/wp\/v2\/posts"}],"about":[{"href":"http:\/\/www.heljesten.nu\/index.php?rest_route=\/wp\/v2\/types\/post"}],"author":[{"embeddable":true,"href":"http:\/\/www.heljesten.nu\/index.php?rest_route=\/wp\/v2\/users\/1"}],"replies":[{"embeddable":true,"href":"http:\/\/www.heljesten.nu\/index.php?rest_route=%2Fwp%2Fv2%2Fcomments&post=207"}],"version-history":[{"count":0,"href":"http:\/\/www.heljesten.nu\/index.php?rest_route=\/wp\/v2\/posts\/207\/revisions"}],"wp:attachment":[{"href":"http:\/\/www.heljesten.nu\/index.php?rest_route=%2Fwp%2Fv2%2Fmedia&parent=207"}],"wp:term":[{"taxonomy":"category","embeddable":true,"href":"http:\/\/www.heljesten.nu\/index.php?rest_route=%2Fwp%2Fv2%2Fcategories&post=207"},{"taxonomy":"post_tag","embeddable":true,"href":"http:\/\/www.heljesten.nu\/index.php?rest_route=%2Fwp%2Fv2%2Ftags&post=207"}],"curies":[{"name":"wp","href":"https:\/\/api.w.org\/{rel}","templated":true}]}}