{"id":2054,"date":"2013-03-30T17:19:22","date_gmt":"2013-03-30T16:19:22","guid":{"rendered":"http:\/\/www.heljesten.nu\/?p=2054"},"modified":"2013-03-30T17:19:22","modified_gmt":"2013-03-30T16:19:22","slug":"202-morgon-nr-86-365","status":"publish","type":"post","link":"http:\/\/www.heljesten.nu\/?p=2054","title":{"rendered":"202 Morgon nr 86 (365)"},"content":{"rendered":"<p><a href=\"http:\/\/www.heljesten.nu\/wp-content\/uploads\/2013\/03\/202_Morgon_86-365.jpg\"><img decoding=\"async\" loading=\"lazy\" class=\"aligncenter size-large wp-image-2055\" alt=\"202_Morgon_86-365\" src=\"http:\/\/www.heljesten.nu\/wp-content\/uploads\/2013\/03\/202_Morgon_86-365-682x1024.jpg\" width=\"640\" height=\"960\" srcset=\"http:\/\/www.heljesten.nu\/wp-content\/uploads\/2013\/03\/202_Morgon_86-365-682x1024.jpg 682w, http:\/\/www.heljesten.nu\/wp-content\/uploads\/2013\/03\/202_Morgon_86-365-200x300.jpg 200w, http:\/\/www.heljesten.nu\/wp-content\/uploads\/2013\/03\/202_Morgon_86-365.jpg 1584w\" sizes=\"(max-width: 640px) 100vw, 640px\" \/><\/a><\/p>\n<p>&nbsp;<\/p>\n<p>Morgon och fr\u00e4scha cyklistben p\u00e5 v\u00e4g upp bland bergen. Men f\u00e5r f\u00f6rmoda att samma ben \u00e4r aningen tr\u00f6ttare och svettigare n\u00e5gra timmar senare.<\/p>\n<p>Bilden \u00e4r tagen med 1\/800-dels sekund, f 13 och ISO 800 med standardzoomet p\u00e5 110 mm.<\/p>\n","protected":false},"excerpt":{"rendered":"<p>&nbsp; Morgon och fr\u00e4scha cyklistben p\u00e5 v\u00e4g upp bland bergen. Men f\u00e5r f\u00f6rmoda att samma ben \u00e4r aningen tr\u00f6ttare och svettigare n\u00e5gra timmar senare. Bilden \u00e4r tagen med 1\/800-dels sekund, f 13 och ISO 800 med standardzoomet p\u00e5 110 mm.<\/p>\n","protected":false},"author":1,"featured_media":0,"comment_status":"open","ping_status":"open","sticky":false,"template":"","format":"standard","meta":[],"categories":[235,240,39],"tags":[],"_links":{"self":[{"href":"http:\/\/www.heljesten.nu\/index.php?rest_route=\/wp\/v2\/posts\/2054"}],"collection":[{"href":"http:\/\/www.heljesten.nu\/index.php?rest_route=\/wp\/v2\/posts"}],"about":[{"href":"http:\/\/www.heljesten.nu\/index.php?rest_route=\/wp\/v2\/types\/post"}],"author":[{"embeddable":true,"href":"http:\/\/www.heljesten.nu\/index.php?rest_route=\/wp\/v2\/users\/1"}],"replies":[{"embeddable":true,"href":"http:\/\/www.heljesten.nu\/index.php?rest_route=%2Fwp%2Fv2%2Fcomments&post=2054"}],"version-history":[{"count":2,"href":"http:\/\/www.heljesten.nu\/index.php?rest_route=\/wp\/v2\/posts\/2054\/revisions"}],"predecessor-version":[{"id":2057,"href":"http:\/\/www.heljesten.nu\/index.php?rest_route=\/wp\/v2\/posts\/2054\/revisions\/2057"}],"wp:attachment":[{"href":"http:\/\/www.heljesten.nu\/index.php?rest_route=%2Fwp%2Fv2%2Fmedia&parent=2054"}],"wp:term":[{"taxonomy":"category","embeddable":true,"href":"http:\/\/www.heljesten.nu\/index.php?rest_route=%2Fwp%2Fv2%2Fcategories&post=2054"},{"taxonomy":"post_tag","embeddable":true,"href":"http:\/\/www.heljesten.nu\/index.php?rest_route=%2Fwp%2Fv2%2Ftags&post=2054"}],"curies":[{"name":"wp","href":"https:\/\/api.w.org\/{rel}","templated":true}]}}