{"id":2034,"date":"2013-03-28T09:05:05","date_gmt":"2013-03-28T08:05:05","guid":{"rendered":"http:\/\/www.heljesten.nu\/?p=2034"},"modified":"2013-03-27T16:22:13","modified_gmt":"2013-03-27T15:22:13","slug":"216-nyans-nr-84-365","status":"publish","type":"post","link":"http:\/\/www.heljesten.nu\/?p=2034","title":{"rendered":"216 Nyans nr 84 (365)"},"content":{"rendered":"<p><a href=\"http:\/\/www.heljesten.nu\/wp-content\/uploads\/2013\/03\/216_Nyans_84-365.jpg\"><img decoding=\"async\" loading=\"lazy\" class=\"aligncenter size-large wp-image-2035\" alt=\"216_Nyans_84-365\" src=\"http:\/\/www.heljesten.nu\/wp-content\/uploads\/2013\/03\/216_Nyans_84-365-682x1024.jpg\" width=\"640\" height=\"960\" srcset=\"http:\/\/www.heljesten.nu\/wp-content\/uploads\/2013\/03\/216_Nyans_84-365-682x1024.jpg 682w, http:\/\/www.heljesten.nu\/wp-content\/uploads\/2013\/03\/216_Nyans_84-365-200x300.jpg 200w, http:\/\/www.heljesten.nu\/wp-content\/uploads\/2013\/03\/216_Nyans_84-365.jpg 1584w\" sizes=\"(max-width: 640px) 100vw, 640px\" \/><\/a><\/p>\n<p>&nbsp;<\/p>\n<p>Dessa vackra klippor bestod av m\u00e5nga olika nyanser. Vi r\u00e5kade p\u00e5 dem utmed en av bergsv\u00e4garna p\u00e5 Gran Canaria.<\/p>\n<p>Bilden \u00e4r tagen med 1\/400-dels sekund, f 11, ISO 800 och standardzoomet p\u00e5 18 mm.<\/p>\n","protected":false},"excerpt":{"rendered":"<p>&nbsp; Dessa vackra klippor bestod av m\u00e5nga olika nyanser. Vi r\u00e5kade p\u00e5 dem utmed en av bergsv\u00e4garna p\u00e5 Gran Canaria. Bilden \u00e4r tagen med 1\/400-dels sekund, f 11, ISO 800 och standardzoomet p\u00e5 18 mm.<\/p>\n","protected":false},"author":1,"featured_media":0,"comment_status":"open","ping_status":"open","sticky":false,"template":"","format":"standard","meta":[],"categories":[235,240,39],"tags":[],"_links":{"self":[{"href":"http:\/\/www.heljesten.nu\/index.php?rest_route=\/wp\/v2\/posts\/2034"}],"collection":[{"href":"http:\/\/www.heljesten.nu\/index.php?rest_route=\/wp\/v2\/posts"}],"about":[{"href":"http:\/\/www.heljesten.nu\/index.php?rest_route=\/wp\/v2\/types\/post"}],"author":[{"embeddable":true,"href":"http:\/\/www.heljesten.nu\/index.php?rest_route=\/wp\/v2\/users\/1"}],"replies":[{"embeddable":true,"href":"http:\/\/www.heljesten.nu\/index.php?rest_route=%2Fwp%2Fv2%2Fcomments&post=2034"}],"version-history":[{"count":2,"href":"http:\/\/www.heljesten.nu\/index.php?rest_route=\/wp\/v2\/posts\/2034\/revisions"}],"predecessor-version":[{"id":2037,"href":"http:\/\/www.heljesten.nu\/index.php?rest_route=\/wp\/v2\/posts\/2034\/revisions\/2037"}],"wp:attachment":[{"href":"http:\/\/www.heljesten.nu\/index.php?rest_route=%2Fwp%2Fv2%2Fmedia&parent=2034"}],"wp:term":[{"taxonomy":"category","embeddable":true,"href":"http:\/\/www.heljesten.nu\/index.php?rest_route=%2Fwp%2Fv2%2Fcategories&post=2034"},{"taxonomy":"post_tag","embeddable":true,"href":"http:\/\/www.heljesten.nu\/index.php?rest_route=%2Fwp%2Fv2%2Ftags&post=2034"}],"curies":[{"name":"wp","href":"https:\/\/api.w.org\/{rel}","templated":true}]}}