{"id":2030,"date":"2013-03-28T06:45:44","date_gmt":"2013-03-28T05:45:44","guid":{"rendered":"http:\/\/www.heljesten.nu\/?p=2030"},"modified":"2013-03-27T15:49:44","modified_gmt":"2013-03-27T14:49:44","slug":"371-limegront-eget-tema-nr-83-365","status":"publish","type":"post","link":"http:\/\/www.heljesten.nu\/?p=2030","title":{"rendered":"371 Limegr\u00f6nt (eget tema) nr 83 (365)"},"content":{"rendered":"<p><a href=\"http:\/\/www.heljesten.nu\/wp-content\/uploads\/2013\/03\/371_Limegr\u00f6nt_83-365.jpg\"><img decoding=\"async\" loading=\"lazy\" class=\"aligncenter size-large wp-image-2031\" alt=\"371_Limegr\u00f6nt_83-365\" src=\"http:\/\/www.heljesten.nu\/wp-content\/uploads\/2013\/03\/371_Limegr\u00f6nt_83-365-1024x682.jpg\" width=\"640\" height=\"426\" srcset=\"http:\/\/www.heljesten.nu\/wp-content\/uploads\/2013\/03\/371_Limegr\u00f6nt_83-365-1024x682.jpg 1024w, http:\/\/www.heljesten.nu\/wp-content\/uploads\/2013\/03\/371_Limegr\u00f6nt_83-365-300x200.jpg 300w, http:\/\/www.heljesten.nu\/wp-content\/uploads\/2013\/03\/371_Limegr\u00f6nt_83-365-449x300.jpg 449w\" sizes=\"(max-width: 640px) 100vw, 640px\" \/><\/a><\/p>\n<p>&nbsp;<\/p>\n<p>Det finns en del f\u00e4rger i \u00e5rets tema, men jag saknar Limegr\u00f6nt. D\u00e4rf\u00f6r l\u00e4gger jag till det som eget tema och illustrerar med v\u00e5r hyrbil som var underbart limegr\u00f6n. Det k\u00e4ndes mycket sk\u00f6nt att ha en s\u00e5 i\u00f6gonfallande bil p\u00e5 de smala, slingriga\u00a0bergv\u00e4garna\u00a0s\u00e5 v\u00e5r n\u00e4rvaro inte kom som en pl\u00f6tslig \u00f6verraskning n\u00e4r vi fick m\u00f6te i n\u00e5gon h\u00e5rn\u00e5lskurva.<\/p>\n<p>Bilden \u00e4r tagen med 1\/250-dels sekund, f 11, ISO 400 och standardzoomet p\u00e5 18 mm.<\/p>\n","protected":false},"excerpt":{"rendered":"<p>&nbsp; Det finns en del f\u00e4rger i \u00e5rets tema, men jag saknar Limegr\u00f6nt. D\u00e4rf\u00f6r l\u00e4gger jag till det som eget tema och illustrerar med v\u00e5r hyrbil som var underbart limegr\u00f6n. Det k\u00e4ndes mycket sk\u00f6nt att ha en s\u00e5 i\u00f6gonfallande bil p\u00e5 de smala, slingriga\u00a0bergv\u00e4garna\u00a0s\u00e5 v\u00e5r n\u00e4rvaro inte kom som en pl\u00f6tslig \u00f6verraskning n\u00e4r vi fick [&hellip;]<\/p>\n","protected":false},"author":1,"featured_media":0,"comment_status":"open","ping_status":"open","sticky":false,"template":"","format":"standard","meta":[],"categories":[235,240,39],"tags":[],"_links":{"self":[{"href":"http:\/\/www.heljesten.nu\/index.php?rest_route=\/wp\/v2\/posts\/2030"}],"collection":[{"href":"http:\/\/www.heljesten.nu\/index.php?rest_route=\/wp\/v2\/posts"}],"about":[{"href":"http:\/\/www.heljesten.nu\/index.php?rest_route=\/wp\/v2\/types\/post"}],"author":[{"embeddable":true,"href":"http:\/\/www.heljesten.nu\/index.php?rest_route=\/wp\/v2\/users\/1"}],"replies":[{"embeddable":true,"href":"http:\/\/www.heljesten.nu\/index.php?rest_route=%2Fwp%2Fv2%2Fcomments&post=2030"}],"version-history":[{"count":2,"href":"http:\/\/www.heljesten.nu\/index.php?rest_route=\/wp\/v2\/posts\/2030\/revisions"}],"predecessor-version":[{"id":2033,"href":"http:\/\/www.heljesten.nu\/index.php?rest_route=\/wp\/v2\/posts\/2030\/revisions\/2033"}],"wp:attachment":[{"href":"http:\/\/www.heljesten.nu\/index.php?rest_route=%2Fwp%2Fv2%2Fmedia&parent=2030"}],"wp:term":[{"taxonomy":"category","embeddable":true,"href":"http:\/\/www.heljesten.nu\/index.php?rest_route=%2Fwp%2Fv2%2Fcategories&post=2030"},{"taxonomy":"post_tag","embeddable":true,"href":"http:\/\/www.heljesten.nu\/index.php?rest_route=%2Fwp%2Fv2%2Ftags&post=2030"}],"curies":[{"name":"wp","href":"https:\/\/api.w.org\/{rel}","templated":true}]}}