{"id":2014,"date":"2013-03-27T06:27:09","date_gmt":"2013-03-27T05:27:09","guid":{"rendered":"http:\/\/www.heljesten.nu\/?p=2014"},"modified":"2013-03-25T16:30:59","modified_gmt":"2013-03-25T15:30:59","slug":"137-isolerad-nr-80-365","status":"publish","type":"post","link":"http:\/\/www.heljesten.nu\/?p=2014","title":{"rendered":"137 Isolerad nr 80 (365)"},"content":{"rendered":"<p><a href=\"http:\/\/www.heljesten.nu\/wp-content\/uploads\/2013\/03\/137_Isolerad_80-365.jpg\"><img decoding=\"async\" loading=\"lazy\" class=\"aligncenter size-large wp-image-2015\" alt=\"137_Isolerad_80-365\" src=\"http:\/\/www.heljesten.nu\/wp-content\/uploads\/2013\/03\/137_Isolerad_80-365-1024x682.jpg\" width=\"640\" height=\"426\" srcset=\"http:\/\/www.heljesten.nu\/wp-content\/uploads\/2013\/03\/137_Isolerad_80-365-1024x682.jpg 1024w, http:\/\/www.heljesten.nu\/wp-content\/uploads\/2013\/03\/137_Isolerad_80-365-300x200.jpg 300w, http:\/\/www.heljesten.nu\/wp-content\/uploads\/2013\/03\/137_Isolerad_80-365-450x300.jpg 450w\" sizes=\"(max-width: 640px) 100vw, 640px\" \/><\/a><\/p>\n<p>&nbsp;<\/p>\n<p>Isolerad blir man om man bor i dessa trakter. Bilen, som \u00e4r det enda civiliserade i detta foto, ger en indikation p\u00e5 hur liten man kan k\u00e4nna sig i denna karga natur d\u00e4r v\u00e4gen slingrar sig vidare och vidare och det tar l\u00e5ng tid att n\u00e5 bebyggelse.<\/p>\n<p>Bilden \u00e4r tagen med 1\/800-dels sekund, f 14, ISO 800 och standardzoomet p\u00e5 85 mm.<\/p>\n","protected":false},"excerpt":{"rendered":"<p>&nbsp; Isolerad blir man om man bor i dessa trakter. Bilen, som \u00e4r det enda civiliserade i detta foto, ger en indikation p\u00e5 hur liten man kan k\u00e4nna sig i denna karga natur d\u00e4r v\u00e4gen slingrar sig vidare och vidare och det tar l\u00e5ng tid att n\u00e5 bebyggelse. Bilden \u00e4r tagen med 1\/800-dels sekund, f [&hellip;]<\/p>\n","protected":false},"author":1,"featured_media":0,"comment_status":"open","ping_status":"open","sticky":false,"template":"","format":"standard","meta":[],"categories":[235,240,39],"tags":[],"_links":{"self":[{"href":"http:\/\/www.heljesten.nu\/index.php?rest_route=\/wp\/v2\/posts\/2014"}],"collection":[{"href":"http:\/\/www.heljesten.nu\/index.php?rest_route=\/wp\/v2\/posts"}],"about":[{"href":"http:\/\/www.heljesten.nu\/index.php?rest_route=\/wp\/v2\/types\/post"}],"author":[{"embeddable":true,"href":"http:\/\/www.heljesten.nu\/index.php?rest_route=\/wp\/v2\/users\/1"}],"replies":[{"embeddable":true,"href":"http:\/\/www.heljesten.nu\/index.php?rest_route=%2Fwp%2Fv2%2Fcomments&post=2014"}],"version-history":[{"count":1,"href":"http:\/\/www.heljesten.nu\/index.php?rest_route=\/wp\/v2\/posts\/2014\/revisions"}],"predecessor-version":[{"id":2016,"href":"http:\/\/www.heljesten.nu\/index.php?rest_route=\/wp\/v2\/posts\/2014\/revisions\/2016"}],"wp:attachment":[{"href":"http:\/\/www.heljesten.nu\/index.php?rest_route=%2Fwp%2Fv2%2Fmedia&parent=2014"}],"wp:term":[{"taxonomy":"category","embeddable":true,"href":"http:\/\/www.heljesten.nu\/index.php?rest_route=%2Fwp%2Fv2%2Fcategories&post=2014"},{"taxonomy":"post_tag","embeddable":true,"href":"http:\/\/www.heljesten.nu\/index.php?rest_route=%2Fwp%2Fv2%2Ftags&post=2014"}],"curies":[{"name":"wp","href":"https:\/\/api.w.org\/{rel}","templated":true}]}}