{"id":1960,"date":"2013-03-21T23:46:59","date_gmt":"2013-03-21T22:46:59","guid":{"rendered":"http:\/\/www.heljesten.nu\/?p=1960"},"modified":"2013-03-22T15:40:22","modified_gmt":"2013-03-22T14:40:22","slug":"303-svartvitt-nr-70-365","status":"publish","type":"post","link":"http:\/\/www.heljesten.nu\/?p=1960","title":{"rendered":"303 Svartvitt nr 70 (365)"},"content":{"rendered":"<p><a href=\"http:\/\/www.heljesten.nu\/wp-content\/uploads\/2013\/03\/303_Svartvitt_70-365.jpg\"><img decoding=\"async\" loading=\"lazy\" class=\"aligncenter size-large wp-image-1961\" alt=\"303_Svartvitt_70-365\" src=\"http:\/\/www.heljesten.nu\/wp-content\/uploads\/2013\/03\/303_Svartvitt_70-365-1024x682.jpg\" width=\"640\" height=\"426\" srcset=\"http:\/\/www.heljesten.nu\/wp-content\/uploads\/2013\/03\/303_Svartvitt_70-365-1024x682.jpg 1024w, http:\/\/www.heljesten.nu\/wp-content\/uploads\/2013\/03\/303_Svartvitt_70-365-300x200.jpg 300w, http:\/\/www.heljesten.nu\/wp-content\/uploads\/2013\/03\/303_Svartvitt_70-365-450x300.jpg 450w\" sizes=\"(max-width: 640px) 100vw, 640px\" \/><\/a><\/p>\n<p>&nbsp;<\/p>\n<p>En duva poserade s\u00e5 fint p\u00e5 en fris ovanf\u00f6r ett f\u00f6nster i byn Puerto de Mogan. Hann precis f\u00e5nga bilden innan duvan fl\u00f6g iv\u00e4g. Tyckte den gjorde sig fint i svartvitt, s\u00e5 jag konverterade den i Lightroom.<\/p>\n<p>Bilden \u00e4r tagen med 1\/400-dels sekund, f 7,1, ISO 100 och zoomet p\u00e5 70 mm.<\/p>\n","protected":false},"excerpt":{"rendered":"<p>&nbsp; En duva poserade s\u00e5 fint p\u00e5 en fris ovanf\u00f6r ett f\u00f6nster i byn Puerto de Mogan. Hann precis f\u00e5nga bilden innan duvan fl\u00f6g iv\u00e4g. Tyckte den gjorde sig fint i svartvitt, s\u00e5 jag konverterade den i Lightroom. Bilden \u00e4r tagen med 1\/400-dels sekund, f 7,1, ISO 100 och zoomet p\u00e5 70 mm.<\/p>\n","protected":false},"author":1,"featured_media":0,"comment_status":"open","ping_status":"open","sticky":false,"template":"","format":"standard","meta":[],"categories":[235,240,39],"tags":[],"_links":{"self":[{"href":"http:\/\/www.heljesten.nu\/index.php?rest_route=\/wp\/v2\/posts\/1960"}],"collection":[{"href":"http:\/\/www.heljesten.nu\/index.php?rest_route=\/wp\/v2\/posts"}],"about":[{"href":"http:\/\/www.heljesten.nu\/index.php?rest_route=\/wp\/v2\/types\/post"}],"author":[{"embeddable":true,"href":"http:\/\/www.heljesten.nu\/index.php?rest_route=\/wp\/v2\/users\/1"}],"replies":[{"embeddable":true,"href":"http:\/\/www.heljesten.nu\/index.php?rest_route=%2Fwp%2Fv2%2Fcomments&post=1960"}],"version-history":[{"count":3,"href":"http:\/\/www.heljesten.nu\/index.php?rest_route=\/wp\/v2\/posts\/1960\/revisions"}],"predecessor-version":[{"id":1963,"href":"http:\/\/www.heljesten.nu\/index.php?rest_route=\/wp\/v2\/posts\/1960\/revisions\/1963"}],"wp:attachment":[{"href":"http:\/\/www.heljesten.nu\/index.php?rest_route=%2Fwp%2Fv2%2Fmedia&parent=1960"}],"wp:term":[{"taxonomy":"category","embeddable":true,"href":"http:\/\/www.heljesten.nu\/index.php?rest_route=%2Fwp%2Fv2%2Fcategories&post=1960"},{"taxonomy":"post_tag","embeddable":true,"href":"http:\/\/www.heljesten.nu\/index.php?rest_route=%2Fwp%2Fv2%2Ftags&post=1960"}],"curies":[{"name":"wp","href":"https:\/\/api.w.org\/{rel}","templated":true}]}}