{"id":1892,"date":"2013-03-03T19:25:27","date_gmt":"2013-03-03T18:25:27","guid":{"rendered":"http:\/\/www.heljesten.nu\/?p=1892"},"modified":"2013-03-03T19:25:27","modified_gmt":"2013-03-03T18:25:27","slug":"promenad-i-naturreservatet","status":"publish","type":"post","link":"http:\/\/www.heljesten.nu\/?p=1892","title":{"rendered":"Promenad i naturreservatet"},"content":{"rendered":"<p>B\u00f6rjade p\u00e5 klubben, men det var s\u00e5 himla bl\u00e5sigt att efter tr\u00e4ff med n\u00e5gra Welsh Corgi-valpar med tillh\u00f6rande matte och husse och lite fotande s\u00e5 for vi vidare till Angarnreservatet f\u00f6r att f\u00e5 lite l\u00e4 under promenaden.<\/p>\n<p>Det blev mest eget spring, men n\u00e5gra sm\u00e5 \u00f6vningar blev det ocks\u00e5. Kameran var tyv\u00e4rr lite felinst\u00e4lld (efter klubbens soliga l\u00e4ge), men n\u00e5gra bilder blev iallafall halvskapliga.<\/p>\n<p><a href=\"http:\/\/www.heljesten.nu\/wp-content\/uploads\/2013\/03\/Kasper_hoppar.jpg\"><img decoding=\"async\" loading=\"lazy\" class=\"aligncenter size-large wp-image-1893\" alt=\"Kasper_hoppar\" src=\"http:\/\/www.heljesten.nu\/wp-content\/uploads\/2013\/03\/Kasper_hoppar-499x1024.jpg\" width=\"499\" height=\"1024\" srcset=\"http:\/\/www.heljesten.nu\/wp-content\/uploads\/2013\/03\/Kasper_hoppar-499x1024.jpg 499w, http:\/\/www.heljesten.nu\/wp-content\/uploads\/2013\/03\/Kasper_hoppar-146x300.jpg 146w, http:\/\/www.heljesten.nu\/wp-content\/uploads\/2013\/03\/Kasper_hoppar.jpg 854w\" sizes=\"(max-width: 499px) 100vw, 499px\" \/><\/a><\/p>\n<p style=\"text-align: center;\"><em>Kasper hoppar \u00f6ver tr\u00e4dstam p\u00e5 godisjakt.<\/em><\/p>\n<p><a href=\"http:\/\/www.heljesten.nu\/wp-content\/uploads\/2013\/03\/lakrits.jpg\"><img decoding=\"async\" loading=\"lazy\" class=\"aligncenter size-large wp-image-1894\" alt=\"lakrits\" src=\"http:\/\/www.heljesten.nu\/wp-content\/uploads\/2013\/03\/lakrits-682x1024.jpg\" width=\"640\" height=\"960\" srcset=\"http:\/\/www.heljesten.nu\/wp-content\/uploads\/2013\/03\/lakrits-682x1024.jpg 682w, http:\/\/www.heljesten.nu\/wp-content\/uploads\/2013\/03\/lakrits-200x300.jpg 200w, http:\/\/www.heljesten.nu\/wp-content\/uploads\/2013\/03\/lakrits.jpg 1152w\" sizes=\"(max-width: 640px) 100vw, 640px\" \/><\/a><\/p>\n<p style=\"text-align: center;\"><em>Lakrits poserar v\u00e4ldigt fint h\u00e4r.<\/em><\/p>\n<p><a href=\"http:\/\/www.heljesten.nu\/wp-content\/uploads\/2013\/03\/Lakrits_hoppar.jpg\"><img decoding=\"async\" loading=\"lazy\" class=\"aligncenter size-large wp-image-1895\" alt=\"Lakrits_hoppar\" src=\"http:\/\/www.heljesten.nu\/wp-content\/uploads\/2013\/03\/Lakrits_hoppar-682x1024.jpg\" width=\"640\" height=\"960\" srcset=\"http:\/\/www.heljesten.nu\/wp-content\/uploads\/2013\/03\/Lakrits_hoppar-682x1024.jpg 682w, http:\/\/www.heljesten.nu\/wp-content\/uploads\/2013\/03\/Lakrits_hoppar-199x300.jpg 199w, http:\/\/www.heljesten.nu\/wp-content\/uploads\/2013\/03\/Lakrits_hoppar.jpg 925w\" sizes=\"(max-width: 640px) 100vw, 640px\" \/><\/a><\/p>\n<p style=\"text-align: center;\"><em>Lakrits hoppar \u00f6ver tr\u00e4dstam (beh\u00f6vlig tr\u00e4ning f\u00f6r denne yngling).<\/em><\/p>\n<p><a href=\"http:\/\/www.heljesten.nu\/wp-content\/uploads\/2013\/03\/lakrits_kasper_sten.jpg\"><img decoding=\"async\" loading=\"lazy\" class=\"aligncenter size-large wp-image-1896\" alt=\"lakrits_kasper_sten\" src=\"http:\/\/www.heljesten.nu\/wp-content\/uploads\/2013\/03\/lakrits_kasper_sten-1024x682.jpg\" width=\"640\" height=\"426\" srcset=\"http:\/\/www.heljesten.nu\/wp-content\/uploads\/2013\/03\/lakrits_kasper_sten-1024x682.jpg 1024w, http:\/\/www.heljesten.nu\/wp-content\/uploads\/2013\/03\/lakrits_kasper_sten-300x199.jpg 300w, http:\/\/www.heljesten.nu\/wp-content\/uploads\/2013\/03\/lakrits_kasper_sten-450x300.jpg 450w, http:\/\/www.heljesten.nu\/wp-content\/uploads\/2013\/03\/lakrits_kasper_sten.jpg 1967w\" sizes=\"(max-width: 640px) 100vw, 640px\" \/><\/a><\/p>\n<p style=\"text-align: center;\"><em>B\u00e5da poserar p\u00e5 en sten. En viss herre ville inte ligga.<\/em><\/p>\n<p><a href=\"http:\/\/www.heljesten.nu\/wp-content\/uploads\/2013\/03\/lakrits_n\u00e4rs\u00f6k.jpg\"><img decoding=\"async\" loading=\"lazy\" class=\"aligncenter size-large wp-image-1897\" alt=\"lakrits_n\u00e4rs\u00f6k\" src=\"http:\/\/www.heljesten.nu\/wp-content\/uploads\/2013\/03\/lakrits_n\u00e4rs\u00f6k-1024x682.jpg\" width=\"640\" height=\"426\" srcset=\"http:\/\/www.heljesten.nu\/wp-content\/uploads\/2013\/03\/lakrits_n\u00e4rs\u00f6k-1024x682.jpg 1024w, http:\/\/www.heljesten.nu\/wp-content\/uploads\/2013\/03\/lakrits_n\u00e4rs\u00f6k-300x199.jpg 300w, http:\/\/www.heljesten.nu\/wp-content\/uploads\/2013\/03\/lakrits_n\u00e4rs\u00f6k-450x300.jpg 450w, http:\/\/www.heljesten.nu\/wp-content\/uploads\/2013\/03\/lakrits_n\u00e4rs\u00f6k.jpg 1937w\" sizes=\"(max-width: 640px) 100vw, 640px\" \/><\/a><\/p>\n<p style=\"text-align: center;\"><em>Lakrits i full f\u00e4rd med n\u00e4rs\u00f6k.<\/em><\/p>\n<p><a href=\"http:\/\/www.heljesten.nu\/wp-content\/uploads\/2013\/03\/Lakrits_stubbfynd.jpg\"><img decoding=\"async\" loading=\"lazy\" class=\"aligncenter size-large wp-image-1898\" alt=\"Lakrits_stubbfynd\" src=\"http:\/\/www.heljesten.nu\/wp-content\/uploads\/2013\/03\/Lakrits_stubbfynd-682x1024.jpg\" width=\"640\" height=\"960\" srcset=\"http:\/\/www.heljesten.nu\/wp-content\/uploads\/2013\/03\/Lakrits_stubbfynd-682x1024.jpg 682w, http:\/\/www.heljesten.nu\/wp-content\/uploads\/2013\/03\/Lakrits_stubbfynd-199x300.jpg 199w, http:\/\/www.heljesten.nu\/wp-content\/uploads\/2013\/03\/Lakrits_stubbfynd.jpg 1412w\" sizes=\"(max-width: 640px) 100vw, 640px\" \/><\/a><\/p>\n<p>&nbsp;<\/p>\n<p style=\"text-align: center;\"><em>Jag lade tv\u00e5 fickdummies p\u00e5 denna h\u00f6ga stubbe.<br \/>\nMycket m\u00e5lmedvetet tog han dem, trots dold utl\u00e4ggning.<\/em><\/p>\n","protected":false},"excerpt":{"rendered":"<p>B\u00f6rjade p\u00e5 klubben, men det var s\u00e5 himla bl\u00e5sigt att efter tr\u00e4ff med n\u00e5gra Welsh Corgi-valpar med tillh\u00f6rande matte och husse och lite fotande s\u00e5 for vi vidare till Angarnreservatet f\u00f6r att f\u00e5 lite l\u00e4 under promenaden. Det blev mest eget spring, men n\u00e5gra sm\u00e5 \u00f6vningar blev det ocks\u00e5. Kameran var tyv\u00e4rr lite felinst\u00e4lld (efter [&hellip;]<\/p>\n","protected":false},"author":1,"featured_media":0,"comment_status":"open","ping_status":"open","sticky":false,"template":"","format":"standard","meta":[],"categories":[6,10,25,3,34],"tags":[],"_links":{"self":[{"href":"http:\/\/www.heljesten.nu\/index.php?rest_route=\/wp\/v2\/posts\/1892"}],"collection":[{"href":"http:\/\/www.heljesten.nu\/index.php?rest_route=\/wp\/v2\/posts"}],"about":[{"href":"http:\/\/www.heljesten.nu\/index.php?rest_route=\/wp\/v2\/types\/post"}],"author":[{"embeddable":true,"href":"http:\/\/www.heljesten.nu\/index.php?rest_route=\/wp\/v2\/users\/1"}],"replies":[{"embeddable":true,"href":"http:\/\/www.heljesten.nu\/index.php?rest_route=%2Fwp%2Fv2%2Fcomments&post=1892"}],"version-history":[{"count":1,"href":"http:\/\/www.heljesten.nu\/index.php?rest_route=\/wp\/v2\/posts\/1892\/revisions"}],"predecessor-version":[{"id":1899,"href":"http:\/\/www.heljesten.nu\/index.php?rest_route=\/wp\/v2\/posts\/1892\/revisions\/1899"}],"wp:attachment":[{"href":"http:\/\/www.heljesten.nu\/index.php?rest_route=%2Fwp%2Fv2%2Fmedia&parent=1892"}],"wp:term":[{"taxonomy":"category","embeddable":true,"href":"http:\/\/www.heljesten.nu\/index.php?rest_route=%2Fwp%2Fv2%2Fcategories&post=1892"},{"taxonomy":"post_tag","embeddable":true,"href":"http:\/\/www.heljesten.nu\/index.php?rest_route=%2Fwp%2Fv2%2Ftags&post=1892"}],"curies":[{"name":"wp","href":"https:\/\/api.w.org\/{rel}","templated":true}]}}