{"id":1482,"date":"2013-01-02T09:06:51","date_gmt":"2013-01-02T08:06:51","guid":{"rendered":"http:\/\/www.heljesten.nu\/?p=1482"},"modified":"2013-01-02T09:08:12","modified_gmt":"2013-01-02T08:08:12","slug":"175-lerig-nr-2365","status":"publish","type":"post","link":"http:\/\/www.heljesten.nu\/?p=1482","title":{"rendered":"175 Lerig nr 2(365)"},"content":{"rendered":"<p>Bidrag nummer 2 till fotoutmaningen \u2013 Lerig:<\/p>\n<p><img decoding=\"async\" loading=\"lazy\" class=\"aligncenter size-large wp-image-1483\" alt=\"175_Lerig_2-365.jpg\" src=\"http:\/\/www.heljesten.nu\/wp-content\/uploads\/2013\/01\/175_Lerig_2-365.jpg-682x1024.jpg\" width=\"640\" height=\"960\" srcset=\"http:\/\/www.heljesten.nu\/wp-content\/uploads\/2013\/01\/175_Lerig_2-365.jpg-682x1024.jpg 682w, http:\/\/www.heljesten.nu\/wp-content\/uploads\/2013\/01\/175_Lerig_2-365.jpg-200x300.jpg 200w, http:\/\/www.heljesten.nu\/wp-content\/uploads\/2013\/01\/175_Lerig_2-365.jpg.jpg 1584w\" sizes=\"(max-width: 640px) 100vw, 640px\" \/><\/p>\n<p>Den feta lerjorden gl\u00e4nser av m\u00e4ttad fuktighet och balanserar v\u00e4l f\u00e4rgm\u00e4ssigt med den gula labradoren Cheysie.<\/p>\n<p>Fotot \u00e4r taget med 110 mm zoom, 1\/800 f 5,6 ISO 1600.\u00a0Sedan har jag \u00e4ndrat lite klarhet, exponering, m\u00e4ttnad etc.<\/p>\n","protected":false},"excerpt":{"rendered":"<p>Bidrag nummer 2 till fotoutmaningen \u2013 Lerig: Den feta lerjorden gl\u00e4nser av m\u00e4ttad fuktighet och balanserar v\u00e4l f\u00e4rgm\u00e4ssigt med den gula labradoren Cheysie. Fotot \u00e4r taget med 110 mm zoom, 1\/800 f 5,6 ISO 1600.\u00a0Sedan har jag \u00e4ndrat lite klarhet, exponering, m\u00e4ttnad etc.<\/p>\n","protected":false},"author":1,"featured_media":0,"comment_status":"open","ping_status":"open","sticky":false,"template":"","format":"standard","meta":[],"categories":[235,175],"tags":[],"_links":{"self":[{"href":"http:\/\/www.heljesten.nu\/index.php?rest_route=\/wp\/v2\/posts\/1482"}],"collection":[{"href":"http:\/\/www.heljesten.nu\/index.php?rest_route=\/wp\/v2\/posts"}],"about":[{"href":"http:\/\/www.heljesten.nu\/index.php?rest_route=\/wp\/v2\/types\/post"}],"author":[{"embeddable":true,"href":"http:\/\/www.heljesten.nu\/index.php?rest_route=\/wp\/v2\/users\/1"}],"replies":[{"embeddable":true,"href":"http:\/\/www.heljesten.nu\/index.php?rest_route=%2Fwp%2Fv2%2Fcomments&post=1482"}],"version-history":[{"count":3,"href":"http:\/\/www.heljesten.nu\/index.php?rest_route=\/wp\/v2\/posts\/1482\/revisions"}],"predecessor-version":[{"id":1485,"href":"http:\/\/www.heljesten.nu\/index.php?rest_route=\/wp\/v2\/posts\/1482\/revisions\/1485"}],"wp:attachment":[{"href":"http:\/\/www.heljesten.nu\/index.php?rest_route=%2Fwp%2Fv2%2Fmedia&parent=1482"}],"wp:term":[{"taxonomy":"category","embeddable":true,"href":"http:\/\/www.heljesten.nu\/index.php?rest_route=%2Fwp%2Fv2%2Fcategories&post=1482"},{"taxonomy":"post_tag","embeddable":true,"href":"http:\/\/www.heljesten.nu\/index.php?rest_route=%2Fwp%2Fv2%2Ftags&post=1482"}],"curies":[{"name":"wp","href":"https:\/\/api.w.org\/{rel}","templated":true}]}}