{"id":1474,"date":"2013-01-01T16:15:46","date_gmt":"2013-01-01T15:15:46","guid":{"rendered":"http:\/\/www.heljesten.nu\/?p=1474"},"modified":"2013-01-01T16:15:46","modified_gmt":"2013-01-01T15:15:46","slug":"327-undersokning-nr-1365","status":"publish","type":"post","link":"http:\/\/www.heljesten.nu\/?p=1474","title":{"rendered":"327 Unders\u00f6kning nr 1(365)"},"content":{"rendered":"<p>H\u00e4r kommer d\u00e5 det f\u00f6rsta inl\u00e4gget i utmaningen <a href=\"http:\/\/www.heljesten.nu\/?p=1445\">365 foton 2013<\/a>.<\/p>\n<p><img decoding=\"async\" loading=\"lazy\" class=\"aligncenter size-large wp-image-1477\" alt=\"327_Unders\u00f6kning_1-365\" src=\"http:\/\/www.heljesten.nu\/wp-content\/uploads\/2013\/01\/327_Unders\u00f6kning_1-365-1024x682.jpg\" width=\"640\" height=\"426\" srcset=\"http:\/\/www.heljesten.nu\/wp-content\/uploads\/2013\/01\/327_Unders\u00f6kning_1-365-1024x682.jpg 1024w, http:\/\/www.heljesten.nu\/wp-content\/uploads\/2013\/01\/327_Unders\u00f6kning_1-365-300x200.jpg 300w, http:\/\/www.heljesten.nu\/wp-content\/uploads\/2013\/01\/327_Unders\u00f6kning_1-365-450x300.jpg 450w, http:\/\/www.heljesten.nu\/wp-content\/uploads\/2013\/01\/327_Unders\u00f6kning_1-365.jpg 1878w\" sizes=\"(max-width: 640px) 100vw, 640px\" \/>Jag tycker den h\u00e4r bilden passar v\u00e4l in under rubriken Unders\u00f6kning. Det \u00e4r dansk-svenska g\u00e5rdshunden Kasper som noggrant unders\u00f6ker ett intressant sp\u00e5r som verkar f\u00f6rsvinna in under sn\u00f6kanten. En liten skogsmus, kanske?<\/p>\n<p>Fotot \u00e4r taget med 92 mm zoom, 1\/800 f 5,6 ISO 1600.\u00a0Sedan har jag beskurit det och \u00e4ndrat lite klarhet, exponering, m\u00e4ttnad, fyllnadsljus etc. Den st\u00f6rsta modifieringen \u00e4r dock att jag i Photoshop har redigerat bort kopplet som f\u00f6rst\u00f6rde bilden.<\/p>\n","protected":false},"excerpt":{"rendered":"<p>H\u00e4r kommer d\u00e5 det f\u00f6rsta inl\u00e4gget i utmaningen 365 foton 2013. Jag tycker den h\u00e4r bilden passar v\u00e4l in under rubriken Unders\u00f6kning. Det \u00e4r dansk-svenska g\u00e5rdshunden Kasper som noggrant unders\u00f6ker ett intressant sp\u00e5r som verkar f\u00f6rsvinna in under sn\u00f6kanten. En liten skogsmus, kanske? Fotot \u00e4r taget med 92 mm zoom, 1\/800 f 5,6 ISO 1600.\u00a0Sedan [&hellip;]<\/p>\n","protected":false},"author":1,"featured_media":0,"comment_status":"open","ping_status":"open","sticky":false,"template":"","format":"standard","meta":[],"categories":[235,10],"tags":[],"_links":{"self":[{"href":"http:\/\/www.heljesten.nu\/index.php?rest_route=\/wp\/v2\/posts\/1474"}],"collection":[{"href":"http:\/\/www.heljesten.nu\/index.php?rest_route=\/wp\/v2\/posts"}],"about":[{"href":"http:\/\/www.heljesten.nu\/index.php?rest_route=\/wp\/v2\/types\/post"}],"author":[{"embeddable":true,"href":"http:\/\/www.heljesten.nu\/index.php?rest_route=\/wp\/v2\/users\/1"}],"replies":[{"embeddable":true,"href":"http:\/\/www.heljesten.nu\/index.php?rest_route=%2Fwp%2Fv2%2Fcomments&post=1474"}],"version-history":[{"count":1,"href":"http:\/\/www.heljesten.nu\/index.php?rest_route=\/wp\/v2\/posts\/1474\/revisions"}],"predecessor-version":[{"id":1478,"href":"http:\/\/www.heljesten.nu\/index.php?rest_route=\/wp\/v2\/posts\/1474\/revisions\/1478"}],"wp:attachment":[{"href":"http:\/\/www.heljesten.nu\/index.php?rest_route=%2Fwp%2Fv2%2Fmedia&parent=1474"}],"wp:term":[{"taxonomy":"category","embeddable":true,"href":"http:\/\/www.heljesten.nu\/index.php?rest_route=%2Fwp%2Fv2%2Fcategories&post=1474"},{"taxonomy":"post_tag","embeddable":true,"href":"http:\/\/www.heljesten.nu\/index.php?rest_route=%2Fwp%2Fv2%2Ftags&post=1474"}],"curies":[{"name":"wp","href":"https:\/\/api.w.org\/{rel}","templated":true}]}}