{"id":1463,"date":"2012-12-30T17:40:16","date_gmt":"2012-12-30T16:40:16","guid":{"rendered":"http:\/\/www.heljesten.nu\/?p=1463"},"modified":"2012-12-30T17:50:58","modified_gmt":"2012-12-30T16:50:58","slug":"ar-2012-i-sammanfattning","status":"publish","type":"post","link":"http:\/\/www.heljesten.nu\/?p=1463","title":{"rendered":"\u00c5r 2012 i sammanfattning"},"content":{"rendered":"<p>Det har h\u00e4nt mycket 2012 inser jag n\u00e4r jag f\u00f6rs\u00f6ker sammanfatta lite.<\/p>\n<p><strong><img decoding=\"async\" loading=\"lazy\" class=\"aligncenter size-medium wp-image-1466\" alt=\"Mauritius\" src=\"http:\/\/www.heljesten.nu\/wp-content\/uploads\/2012\/12\/DSC4207-300x199.jpg\" width=\"300\" height=\"199\" srcset=\"http:\/\/www.heljesten.nu\/wp-content\/uploads\/2012\/12\/DSC4207-300x199.jpg 300w, http:\/\/www.heljesten.nu\/wp-content\/uploads\/2012\/12\/DSC4207-1024x681.jpg 1024w, http:\/\/www.heljesten.nu\/wp-content\/uploads\/2012\/12\/DSC4207-450x300.jpg 450w\" sizes=\"(max-width: 300px) 100vw, 300px\" \/>Resor<\/strong><\/p>\n<p>F\u00f6rst och fr\u00e4mst resor: vi b\u00f6rjade med tv\u00e5 varma och soliga veckor p\u00e5 Mauritius i b\u00f6rjan av \u00e5ret \u00a0med hav och bass\u00e4ng i princip utanf\u00f6r hotellrumsd\u00f6rren. Sara och jag \u00e5kte till London i mars och sen bilade Rolf och jag med hundarna ner till Frankrike i augusti. Vi bodde i Sancerre och Villeneuve sur Yonne under sex veckor innan vi bilade hem igen i b\u00f6rjan av oktober. Vi anl\u00e4nde mitt under en extrem v\u00e4rmeb\u00f6lja med dryga 40 grader och testade d\u00e4rf\u00f6r att bada i Loire.<\/p>\n<p><strong><img decoding=\"async\" loading=\"lazy\" class=\"aligncenter size-medium wp-image-1467\" alt=\"Lakrits\" src=\"http:\/\/www.heljesten.nu\/wp-content\/uploads\/2012\/12\/OGS1171-200x300.jpg\" width=\"200\" height=\"300\" srcset=\"http:\/\/www.heljesten.nu\/wp-content\/uploads\/2012\/12\/OGS1171-200x300.jpg 200w, http:\/\/www.heljesten.nu\/wp-content\/uploads\/2012\/12\/OGS1171-682x1024.jpg 682w, http:\/\/www.heljesten.nu\/wp-content\/uploads\/2012\/12\/OGS1171.jpg 1152w\" sizes=\"(max-width: 200px) 100vw, 200px\" \/>Hund<\/strong><\/p>\n<p>Jag har under \u00e5ret tagit en rallypinne i nkl med b\u00e5da hundarna, tre g\u00e5nger varit retligt n\u00e4ra en etta i lkl1 med Lakrits och till slut \u00e4ntligen grejat en etta i jaktprov nkl med Lakrits nere i Sk\u00e5ne. Vidare har han och jag varit med p\u00e5 en sp\u00e5rhelg i v\u00e5ras samt tv\u00e5 sommarjaktkurser f\u00f6r Kicki och Bolly respektive Jens och Sofia. Sen var det ju sedvanligt kennell\u00e4ger, f\u00f6rst\u00e5s.<\/p>\n<p>Vidare har Kasper blivit f\u00f6revigad med sitt fina nylle p\u00e5 Rasdatas hemsida f\u00f6r g\u00e5rdshundar och jag har investerat i en apportkastare efter noggrann marknadsunders\u00f6kning.<\/p>\n<p><strong><img decoding=\"async\" loading=\"lazy\" class=\"aligncenter size-medium wp-image-1468\" alt=\"Sara\" src=\"http:\/\/www.heljesten.nu\/wp-content\/uploads\/2012\/12\/MG_9283-300x200.jpg\" width=\"300\" height=\"200\" srcset=\"http:\/\/www.heljesten.nu\/wp-content\/uploads\/2012\/12\/MG_9283-300x200.jpg 300w, http:\/\/www.heljesten.nu\/wp-content\/uploads\/2012\/12\/MG_9283-1024x682.jpg 1024w, http:\/\/www.heljesten.nu\/wp-content\/uploads\/2012\/12\/MG_9283-450x300.jpg 450w\" sizes=\"(max-width: 300px) 100vw, 300px\" \/>Familj<\/strong><\/p>\n<p>Sara har l\u00e4st tv\u00e5 terminer p\u00e5 KI:s l\u00e4karlinje. Ett h\u00e5rt arbete som hon utf\u00f6r med den \u00e4ran!<\/p>\n<p>Dessutom har det tillkommit en ny hund i sl\u00e4kten: den bruna storpudeln Jungman.<\/p>\n<p><strong><img decoding=\"async\" loading=\"lazy\" class=\"aligncenter size-medium wp-image-1470\" alt=\"h\u00e4star\" src=\"http:\/\/www.heljesten.nu\/wp-content\/uploads\/2012\/12\/h\u00e4star_b1-300x200.jpg\" width=\"300\" height=\"200\" srcset=\"http:\/\/www.heljesten.nu\/wp-content\/uploads\/2012\/12\/h\u00e4star_b1-300x200.jpg 300w, http:\/\/www.heljesten.nu\/wp-content\/uploads\/2012\/12\/h\u00e4star_b1-1024x682.jpg 1024w, http:\/\/www.heljesten.nu\/wp-content\/uploads\/2012\/12\/h\u00e4star_b1-449x300.jpg 449w, http:\/\/www.heljesten.nu\/wp-content\/uploads\/2012\/12\/h\u00e4star_b1.jpg 1885w\" sizes=\"(max-width: 300px) 100vw, 300px\" \/>Konst<\/strong><\/p>\n<p>Lite pretenti\u00f6s rubrik, men Rolf jag jag deltog p\u00e5 en fotoutst\u00e4llning (v\u00e5rt livs f\u00f6rsta) i Vallentuna i v\u00e5ras. Jag har g\u00e5tt termin 2 och 3 p\u00e5 akvarellkurs. Och jag har s\u00e5lt n\u00e5gra akvareller, dels i form av upptryckta julkort och dels n\u00e5gra passepartoutinramade original.<\/p>\n","protected":false},"excerpt":{"rendered":"<p>Det har h\u00e4nt mycket 2012 inser jag n\u00e4r jag f\u00f6rs\u00f6ker sammanfatta lite. Resor F\u00f6rst och fr\u00e4mst resor: vi b\u00f6rjade med tv\u00e5 varma och soliga veckor p\u00e5 Mauritius i b\u00f6rjan av \u00e5ret \u00a0med hav och bass\u00e4ng i princip utanf\u00f6r hotellrumsd\u00f6rren. Sara och jag \u00e5kte till London i mars och sen bilade Rolf och jag med hundarna [&hellip;]<\/p>\n","protected":false},"author":1,"featured_media":0,"comment_status":"open","ping_status":"open","sticky":false,"template":"","format":"standard","meta":[],"categories":[14,10,3],"tags":[],"_links":{"self":[{"href":"http:\/\/www.heljesten.nu\/index.php?rest_route=\/wp\/v2\/posts\/1463"}],"collection":[{"href":"http:\/\/www.heljesten.nu\/index.php?rest_route=\/wp\/v2\/posts"}],"about":[{"href":"http:\/\/www.heljesten.nu\/index.php?rest_route=\/wp\/v2\/types\/post"}],"author":[{"embeddable":true,"href":"http:\/\/www.heljesten.nu\/index.php?rest_route=\/wp\/v2\/users\/1"}],"replies":[{"embeddable":true,"href":"http:\/\/www.heljesten.nu\/index.php?rest_route=%2Fwp%2Fv2%2Fcomments&post=1463"}],"version-history":[{"count":4,"href":"http:\/\/www.heljesten.nu\/index.php?rest_route=\/wp\/v2\/posts\/1463\/revisions"}],"predecessor-version":[{"id":1465,"href":"http:\/\/www.heljesten.nu\/index.php?rest_route=\/wp\/v2\/posts\/1463\/revisions\/1465"}],"wp:attachment":[{"href":"http:\/\/www.heljesten.nu\/index.php?rest_route=%2Fwp%2Fv2%2Fmedia&parent=1463"}],"wp:term":[{"taxonomy":"category","embeddable":true,"href":"http:\/\/www.heljesten.nu\/index.php?rest_route=%2Fwp%2Fv2%2Fcategories&post=1463"},{"taxonomy":"post_tag","embeddable":true,"href":"http:\/\/www.heljesten.nu\/index.php?rest_route=%2Fwp%2Fv2%2Ftags&post=1463"}],"curies":[{"name":"wp","href":"https:\/\/api.w.org\/{rel}","templated":true}]}}