{"id":137,"date":"2012-05-23T12:18:00","date_gmt":"2012-05-23T10:18:00","guid":{"rendered":"http:\/\/www.heljesten.nu\/?p=137"},"modified":"2012-05-23T12:18:00","modified_gmt":"2012-05-23T10:18:00","slug":"filmtajm-rally-med-kasper","status":"publish","type":"post","link":"http:\/\/www.heljesten.nu\/?p=137","title":{"rendered":"Filmtajm &#8211; rally med Kasper"},"content":{"rendered":"<p>H\u00e4r kommer filmen p\u00e5 rallyt\u00e4vlingen den 17 maj i M\u00e4rsta med Kasper. Kolla s\u00e4rskilt p\u00e5 momentet 1-2-3-back, \u00e4r jag s\u00e5 otydlig med f\u00f6tterna d\u00e4r? Lite snabb, kanske, men otydlig?<\/p>\n<div style=\"clear: both; text-align: center;\"><object width=\"320\" height=\"266\" id=\"BLOG_video-99233859e9c316b8\" class codebase=\"http:\/\/download.macromedia.com\/pub\/shockwave\/cabs\/flash\/swflash.cab#version=6,0,40,0\"><param name=\"movie\" value=\"\/\/www.youtube.com\/get_player\"><param name=\"bgcolor\" value=\"#FFFFFF\"><param name=\"allowfullscreen\" value=\"true\"><param name=\"flashvars\" value=\"flvurl=http:\/\/redirector.googlevideo.com\/videoplayback?id%3D99233859e9c316b8%26itag%3D5%26source%3Dblogger%26app%3Dblogger%26cmo%3Dsensitive_content%253Dyes%26ip%3D0.0.0.0%26ipbits%3D0%26expire%3D1357210562%26sparams%3Did,itag,source,ip,ipbits,expire%26signature%3D5F3A1B07B90066E0A9090FB20D40EC6DEB23F15F.3EFD0AD1940737555FFE6EE63FE4F72E9447B089%26key%3Dck1&#038;iurl=http:\/\/video.google.com\/ThumbnailServer2?app%3Dblogger%26contentid%3D99233859e9c316b8%26offsetms%3D5000%26itag%3Dw160%26sigh%3DTGRMjituxwdvEulzAzwITLHHysI&#038;autoplay=0&#038;ps=blogger\"><embed src=\"\/\/www.youtube.com\/get_player\" type=\"application\/x-shockwave-flash\" width=\"320\" height=\"266\" bgcolor=\"#FFFFFF\" flashvars=\"flvurl=http:\/\/redirector.googlevideo.com\/videoplayback?id%3D99233859e9c316b8%26itag%3D5%26source%3Dblogger%26app%3Dblogger%26cmo%3Dsensitive_content%253Dyes%26ip%3D0.0.0.0%26ipbits%3D0%26expire%3D1357210562%26sparams%3Did,itag,source,ip,ipbits,expire%26signature%3D5F3A1B07B90066E0A9090FB20D40EC6DEB23F15F.3EFD0AD1940737555FFE6EE63FE4F72E9447B089%26key%3Dck1&#038;iurl=http:\/\/video.google.com\/ThumbnailServer2?app%3Dblogger%26contentid%3D99233859e9c316b8%26offsetms%3D5000%26itag%3Dw160%26sigh%3DTGRMjituxwdvEulzAzwITLHHysI&#038;autoplay=0&#038;ps=blogger\" allowFullScreen=\"true\" \/><\/object><\/div>\n<p><\/p>\n","protected":false},"excerpt":{"rendered":"<p>H\u00e4r kommer filmen p\u00e5 rallyt\u00e4vlingen den 17 maj i M\u00e4rsta med Kasper. Kolla s\u00e4rskilt p\u00e5 momentet 1-2-3-back, \u00e4r jag s\u00e5 otydlig med f\u00f6tterna d\u00e4r? Lite snabb, kanske, men otydlig?<\/p>\n","protected":false},"author":1,"featured_media":0,"comment_status":"open","ping_status":"open","sticky":false,"template":"","format":"standard","meta":[],"categories":[10,38,23],"tags":[],"_links":{"self":[{"href":"http:\/\/www.heljesten.nu\/index.php?rest_route=\/wp\/v2\/posts\/137"}],"collection":[{"href":"http:\/\/www.heljesten.nu\/index.php?rest_route=\/wp\/v2\/posts"}],"about":[{"href":"http:\/\/www.heljesten.nu\/index.php?rest_route=\/wp\/v2\/types\/post"}],"author":[{"embeddable":true,"href":"http:\/\/www.heljesten.nu\/index.php?rest_route=\/wp\/v2\/users\/1"}],"replies":[{"embeddable":true,"href":"http:\/\/www.heljesten.nu\/index.php?rest_route=%2Fwp%2Fv2%2Fcomments&post=137"}],"version-history":[{"count":0,"href":"http:\/\/www.heljesten.nu\/index.php?rest_route=\/wp\/v2\/posts\/137\/revisions"}],"wp:attachment":[{"href":"http:\/\/www.heljesten.nu\/index.php?rest_route=%2Fwp%2Fv2%2Fmedia&parent=137"}],"wp:term":[{"taxonomy":"category","embeddable":true,"href":"http:\/\/www.heljesten.nu\/index.php?rest_route=%2Fwp%2Fv2%2Fcategories&post=137"},{"taxonomy":"post_tag","embeddable":true,"href":"http:\/\/www.heljesten.nu\/index.php?rest_route=%2Fwp%2Fv2%2Ftags&post=137"}],"curies":[{"name":"wp","href":"https:\/\/api.w.org\/{rel}","templated":true}]}}