{"id":1346,"date":"2007-08-20T07:28:00","date_gmt":"2007-08-20T05:28:00","guid":{"rendered":"http:\/\/www.heljesten.nu\/?p=1346"},"modified":"2007-08-20T07:28:00","modified_gmt":"2007-08-20T05:28:00","slug":"kaspers-forsta-dag-hemma","status":"publish","type":"post","link":"http:\/\/www.heljesten.nu\/?p=1346","title":{"rendered":"Kaspers f\u00f6rsta dag hemma"},"content":{"rendered":"<p>Kasper orkar vara vaken kanske en timme i str\u00e4ck. N\u00e4r han b\u00f6rjar bli f\u00f6r bitig och jobbig s\u00e4tter vi honom i s\u00e4ngen inanf\u00f6r kompostgaller, och han kommer till ro.<br \/>Har klickat in honom och med hj\u00e4lp av pyttesm\u00e5 hemgjorda k\u00f6ttbullar (ugnstorkad k\u00f6ttf\u00e4rs) f\u00e5r jag honom nu enkelt att komma n\u00e4r jag ropar p\u00e5 honom. Har b\u00f6rjat tr\u00e4na kontakt. N\u00e4r han \u00e4r still och tittar p\u00e5 mig klickar jag och ger en pyttebit.<br \/>Vi badade Kasper f\u00f6r f\u00f6rsta g\u00e5ngen. F\u00f6rst var det ok att st\u00e5 med tassarna i ett par cm vatten i badkaret, men n\u00e4r han fick vatten p\u00e5 kroppen blev det lite l\u00e4skigt. Ynklig stod han vid kanten medan jag snabbt schamponerade och Sara h\u00f6ll i. Att torkas med en s\u00e5n d\u00e4r absorberande handduk efter\u00e5t var supersk\u00f6nt.<br \/>P\u00e5 eftermiddagen fick han tr\u00e4ffa grannhunden Simba f\u00f6r f\u00f6rsta g\u00e5ngen. Simba \u00e4r ungef\u00e4r s\u00e5 stor som Kasper kommer att bli, en blandning mellan v\u00e4stg\u00f6taspets och pudel. Kasper var lite orolig f\u00f6rst och fick sitta p\u00e5 gr\u00e4set i min famn. N\u00e4r han sj\u00e4lv k\u00e4nde f\u00f6r det fick han hoppa ner och nosa lite n\u00e4rmare. Simba var kopplad f\u00f6rst, men n\u00e4r de verkade acceptera varandra utan problem kopplade hans matte loss honom och de fick leka en stund p\u00e5 gr\u00e4smattan. Kasper blev modigare och var snart inte alls r\u00e4dd att ta f\u00f6r sig. Tror att de kommer att bli bra lekkamrater som kommer att ha kul med varandra fram\u00f6ver.<br \/>Ig\u00e5r kv\u00e4ll var Kasper en gosis framf\u00f6r teven, l\u00e5g och sov i min famn n\u00e4rmare tv\u00e5 timmar. Sen ville jag v\u00e4cka honom och ge mat och kv\u00e4llskiss, och d\u00e5 var han otroligt sprallig och lekfull. Det var sv\u00e5rt att f\u00e5 honom att varva ned f\u00f6r att kissa ute, han ville bara bita i byxben och leka. Till sist h\u00e4mtade jag halsbad och koppel, och efter att ha k\u00e4mpat i det en stund (inte direkt koppelvan \u00e4n) lugnande han ner sig n\u00e4r han ins\u00e5g att han inte kom loss. Kissade vid elvatiden, kanske.<br \/>Sen sov han lugnt. Jag l\u00e5g \u00e5ter p\u00e5 den tillf\u00e4lliga s\u00e4ngen i k\u00f6ket, och vaknade sj\u00e4lv f\u00f6r att jag beh\u00f6vde kissa vid halv fyra. N\u00e4r jag kom tillbaka hade Kasper vaknat och jag tog ut honom. Han bajsade, men den h\u00e4r g\u00e5ngen hade jag p\u00e5se med mig och slapp leta i ficklampans sken. L\u00e5ngt nattlinne \u00e4r v\u00e4ldigt roligt att bita i f\u00f6r en liten valp. Han hade lite sv\u00e5rt att komma till ro efter\u00e5t och gn\u00e4llde s\u00e4kert en kvart innan han kopplade av och somnade igen.<br \/>Efter nattpausen sov vi b\u00e5da till klockan sju. Kissning, frukost (han \u00e4ter kanske h\u00e4lften av vad uppf\u00f6daren rekommenderat, men f\u00e5r ju dessutom lite tillskott n\u00e4r vi tr\u00e4nar) och sen lekte vi lite med ett stort mjukisdjur inne, gamla Karl Oskar Sunesson, som jag fick p\u00e5 skoj av n\u00e5gra kompisar f\u00f6r trettio \u00e5r sen. Om det mjukisdjuret hade levat, hade han varit d\u00f6d nu, s\u00e5 som Kasper tagit hand om honom. Kasper hade stor energi kvar, s\u00e5 jag tog ut honom f\u00f6r lite klickertr\u00e4ning med en k\u00f6ttbulle i minst tio bitar. Han \u00e4r v\u00e4ldigt uppm\u00e4rksam n\u00e4r han ser klickern i handen och kommer direkt n\u00e4r jag ropar. Om jag byter och f\u00f6rs\u00f6ker v\u00e4nta ut honom tills han tar kontakt blir han fundersam en stund, hoppar mot handen och fattar inte vad som sker. Men n\u00e4r han lugnat ner sig och tittar upp, f\u00e5r klicket och bel\u00f6ningen s\u00e5 fattar han igen. K\u00e4nns j\u00e4ttekul att det g\u00e5r s\u00e5 bra alla redan.<br \/>Vaggs\u00e5ng n\u00e4r han ska komma till ro fungerar lysande. Sjunger ju hellre \u00e4n bra, men Vyssan lull fungerar lika bra p\u00e5 Kasper som det gjorde p\u00e5 Sara n\u00e4r hon var liten. Det \u00e4r nog den lugna r\u00f6sten som g\u00f6r att han kan koppla av. Det t\u00e4nker jag definitivt forts\u00e4tta med s\u00e5 l\u00e4nge det funkar.<br \/>Nu dags att jobba en stund tills han vaknar.<\/p>\n","protected":false},"excerpt":{"rendered":"<p>Kasper orkar vara vaken kanske en timme i str\u00e4ck. N\u00e4r han b\u00f6rjar bli f\u00f6r bitig och jobbig s\u00e4tter vi honom i s\u00e4ngen inanf\u00f6r kompostgaller, och han kommer till ro.Har klickat in honom och med hj\u00e4lp av pyttesm\u00e5 hemgjorda k\u00f6ttbullar (ugnstorkad k\u00f6ttf\u00e4rs) f\u00e5r jag honom nu enkelt att komma n\u00e4r jag ropar p\u00e5 honom. Har b\u00f6rjat [&hellip;]<\/p>\n","protected":false},"author":1,"featured_media":0,"comment_status":"open","ping_status":"open","sticky":false,"template":"","format":"standard","meta":[],"categories":[1],"tags":[],"_links":{"self":[{"href":"http:\/\/www.heljesten.nu\/index.php?rest_route=\/wp\/v2\/posts\/1346"}],"collection":[{"href":"http:\/\/www.heljesten.nu\/index.php?rest_route=\/wp\/v2\/posts"}],"about":[{"href":"http:\/\/www.heljesten.nu\/index.php?rest_route=\/wp\/v2\/types\/post"}],"author":[{"embeddable":true,"href":"http:\/\/www.heljesten.nu\/index.php?rest_route=\/wp\/v2\/users\/1"}],"replies":[{"embeddable":true,"href":"http:\/\/www.heljesten.nu\/index.php?rest_route=%2Fwp%2Fv2%2Fcomments&post=1346"}],"version-history":[{"count":0,"href":"http:\/\/www.heljesten.nu\/index.php?rest_route=\/wp\/v2\/posts\/1346\/revisions"}],"wp:attachment":[{"href":"http:\/\/www.heljesten.nu\/index.php?rest_route=%2Fwp%2Fv2%2Fmedia&parent=1346"}],"wp:term":[{"taxonomy":"category","embeddable":true,"href":"http:\/\/www.heljesten.nu\/index.php?rest_route=%2Fwp%2Fv2%2Fcategories&post=1346"},{"taxonomy":"post_tag","embeddable":true,"href":"http:\/\/www.heljesten.nu\/index.php?rest_route=%2Fwp%2Fv2%2Ftags&post=1346"}],"curies":[{"name":"wp","href":"https:\/\/api.w.org\/{rel}","templated":true}]}}