{"id":1344,"date":"2007-08-26T20:01:00","date_gmt":"2007-08-26T18:01:00","guid":{"rendered":"http:\/\/www.heljesten.nu\/?p=1344"},"modified":"2007-08-26T20:01:00","modified_gmt":"2007-08-26T18:01:00","slug":"kasper-tar-sig-ett-dopp","status":"publish","type":"post","link":"http:\/\/www.heljesten.nu\/?p=1344","title":{"rendered":"Kasper tar sig ett dopp"},"content":{"rendered":"<p><a href=\"http:\/\/2.bp.blogspot.com\/_GkK1i6dbjdc\/RtHO3Ooqp5I\/AAAAAAAAADs\/sfgHkNDHjGE\/s1600-h\/070826_kasper_nosar_vatten1.jpg\"><img decoding=\"async\" id=\"BLOGGER_PHOTO_ID_5103087301004273554\" style=\"FLOAT: left; MARGIN: 0px 10px 10px 0px; CURSOR: hand\" alt=\"\" src=\"http:\/\/2.bp.blogspot.com\/_GkK1i6dbjdc\/RtHO3Ooqp5I\/AAAAAAAAADs\/sfgHkNDHjGE\/s320\/070826_kasper_nosar_vatten1.jpg\" border=\"0\" \/><\/a> Kasper gillar att komma ut i naturen. Ig\u00e5r var vi i skogen och jag bj\u00f6d honom ett bl\u00e5b\u00e4r. Helt ointressant. D\u00e4remot h\u00e4stskiten p\u00e5 grusv\u00e4gen &#8211; mums!<\/p>\n<p><a href=\"http:\/\/2.bp.blogspot.com\/_GkK1i6dbjdc\/RtHOzOoqp4I\/AAAAAAAAADk\/KZ_iwW6zvC8\/s1600-h\/070826_kasper_nosar_vatten_.jpg\"><img decoding=\"async\" id=\"BLOGGER_PHOTO_ID_5103087232284796802\" style=\"FLOAT: left; MARGIN: 0px 10px 10px 0px; CURSOR: hand\" alt=\"\" src=\"http:\/\/2.bp.blogspot.com\/_GkK1i6dbjdc\/RtHOzOoqp4I\/AAAAAAAAADk\/KZ_iwW6zvC8\/s320\/070826_kasper_nosar_vatten_.jpg\" border=\"0\" \/><\/a><\/p>\n<p><\/p>\n<div><\/div>\n<p><\/p>\n<div>Idag var det fint v\u00e4der och Saras sista sommarlovsdag, s\u00e5 vi tog en tur till Skavl\u00f6ten vid R\u00f6nningensj\u00f6n i T\u00e4by. Vattnet var inte alls l\u00e4skigt, men alla flytande tallkottar m\u00e5ste ju r\u00e4ddas! R\u00e4tt var det var kom han s\u00e5 djupt ut att han doppade hela sig utom huvudet. Ynklig och frusen fick han torkas av Sara. Sen sov han ett tag i den r\u00f6da v\u00e4skan medan vi fikade, l\u00e4ste bok och nj\u00f6t av den fina dagen.<br \/><a href=\"http:\/\/2.bp.blogspot.com\/_GkK1i6dbjdc\/RtHP_Ooqp6I\/AAAAAAAAAD0\/6l-JKlHoa44\/s1600-h\/070826_kasper_sara_skavl\u00f6te.jpg\"><img decoding=\"async\" id=\"BLOGGER_PHOTO_ID_5103088537954854818\" style=\"FLOAT: left; MARGIN: 0px 10px 10px 0px; CURSOR: hand\" alt=\"\" src=\"http:\/\/2.bp.blogspot.com\/_GkK1i6dbjdc\/RtHP_Ooqp6I\/AAAAAAAAAD0\/6l-JKlHoa44\/s320\/070826_kasper_sara_skavl\u00f6te.jpg\" border=\"0\" \/><\/a><\/p>\n<div><a href=\"http:\/\/2.bp.blogspot.com\/_GkK1i6dbjdc\/RtHOpOoqp2I\/AAAAAAAAADU\/eERqASUEC10\/s1600-h\/070826_kasper_sara_torkar.jpg\"><img decoding=\"async\" id=\"BLOGGER_PHOTO_ID_5103087060486104930\" style=\"FLOAT: left; MARGIN: 0px 10px 10px 0px; CURSOR: hand\" alt=\"\" src=\"http:\/\/2.bp.blogspot.com\/_GkK1i6dbjdc\/RtHOpOoqp2I\/AAAAAAAAADU\/eERqASUEC10\/s320\/070826_kasper_sara_torkar.jpg\" border=\"0\" \/><\/a><\/p>\n<p><\/p>\n<div><a href=\"http:\/\/2.bp.blogspot.com\/_GkK1i6dbjdc\/RtHOkOoqp1I\/AAAAAAAAADM\/29OMLedR8AA\/s1600-h\/070826_kasper_i_v\u00e4skan.jpg\"><img decoding=\"async\" id=\"BLOGGER_PHOTO_ID_5103086974586758994\" style=\"FLOAT: left; MARGIN: 0px 10px 10px 0px; CURSOR: hand\" alt=\"\" src=\"http:\/\/2.bp.blogspot.com\/_GkK1i6dbjdc\/RtHOkOoqp1I\/AAAAAAAAADM\/29OMLedR8AA\/s320\/070826_kasper_i_v\u00e4skan.jpg\" border=\"0\" \/><\/a><\/p>\n<p><\/p>\n<div><\/div>\n<\/div>\n<\/div>\n<\/div>\n","protected":false},"excerpt":{"rendered":"<p>Kasper gillar att komma ut i naturen. Ig\u00e5r var vi i skogen och jag bj\u00f6d honom ett bl\u00e5b\u00e4r. Helt ointressant. D\u00e4remot h\u00e4stskiten p\u00e5 grusv\u00e4gen &#8211; mums! Idag var det fint v\u00e4der och Saras sista sommarlovsdag, s\u00e5 vi tog en tur till Skavl\u00f6ten vid R\u00f6nningensj\u00f6n i T\u00e4by. Vattnet var inte alls l\u00e4skigt, men alla flytande tallkottar [&hellip;]<\/p>\n","protected":false},"author":1,"featured_media":0,"comment_status":"open","ping_status":"open","sticky":false,"template":"","format":"standard","meta":[],"categories":[196],"tags":[],"_links":{"self":[{"href":"http:\/\/www.heljesten.nu\/index.php?rest_route=\/wp\/v2\/posts\/1344"}],"collection":[{"href":"http:\/\/www.heljesten.nu\/index.php?rest_route=\/wp\/v2\/posts"}],"about":[{"href":"http:\/\/www.heljesten.nu\/index.php?rest_route=\/wp\/v2\/types\/post"}],"author":[{"embeddable":true,"href":"http:\/\/www.heljesten.nu\/index.php?rest_route=\/wp\/v2\/users\/1"}],"replies":[{"embeddable":true,"href":"http:\/\/www.heljesten.nu\/index.php?rest_route=%2Fwp%2Fv2%2Fcomments&post=1344"}],"version-history":[{"count":0,"href":"http:\/\/www.heljesten.nu\/index.php?rest_route=\/wp\/v2\/posts\/1344\/revisions"}],"wp:attachment":[{"href":"http:\/\/www.heljesten.nu\/index.php?rest_route=%2Fwp%2Fv2%2Fmedia&parent=1344"}],"wp:term":[{"taxonomy":"category","embeddable":true,"href":"http:\/\/www.heljesten.nu\/index.php?rest_route=%2Fwp%2Fv2%2Fcategories&post=1344"},{"taxonomy":"post_tag","embeddable":true,"href":"http:\/\/www.heljesten.nu\/index.php?rest_route=%2Fwp%2Fv2%2Ftags&post=1344"}],"curies":[{"name":"wp","href":"https:\/\/api.w.org\/{rel}","templated":true}]}}