{"id":1340,"date":"2007-09-13T12:57:00","date_gmt":"2007-09-13T10:57:00","guid":{"rendered":"http:\/\/www.heljesten.nu\/?p=1340"},"modified":"2007-09-13T12:57:00","modified_gmt":"2007-09-13T10:57:00","slug":"kasper-har-borjat-valpkurs","status":"publish","type":"post","link":"http:\/\/www.heljesten.nu\/?p=1340","title":{"rendered":"Kasper har b\u00f6rjat valpkurs"},"content":{"rendered":"<p>\u00c4nda sedan i fredags har jag nu sovit uppe och det har g\u00e5tt bra. Vid n\u00e5got tillf\u00e4lle har han gn\u00e4llt. D\u00e5 har jag g\u00e5tt ned och tagit ut honom, sedan lagt honom i sin b\u00e4dd igen och g\u00e5tt upp och lagt mig. Str\u00e5lande! Hoppas det forts\u00e4tter s\u00e5. S\u00e4ngen st\u00e5r kvar fortfarande, utifall att, men vi tar nog bort den till helgen om allt forts\u00e4tter att g\u00e5 lika bra.<\/p>\n<p>Ig\u00e5r b\u00f6rjade vi s\u00e5 p\u00e5 valpkurs i Gottr\u00f6ra. Handledaren k\u00f6rde med klicker, vilket passade mig utm\u00e4rkt. Vi var bara 4 ekipage, varav en sheltie p\u00e5 1 \u00e5r som hade f\u00e5tt diagnosen h\u00f6ftledsdysplasi. V\u00e5r nya hundkompis Enzo, som vi tr\u00e4ffade i fredags, har ju opererat b\u00e5da sina bakben (frisk nu, tack och lov) s\u00e5 shelties verkar lite otursf\u00f6rf\u00f6ljda. Sen var d\u00e4r en Rhodesian Ridgeback som jag visst lockat dit via Hundar f\u00f6r Alla, han var en dag yngre \u00e4n Kasper. De b\u00e5da yngsta hundarna var representerade med gruppens st\u00f6rsta resp minsta hundar. Den fj\u00e4rde hunden var en (dv\u00e4rg-?)schnauzer p\u00e5 4 m\u00e5nader.<\/p>\n<p>Vi fick tr\u00e4na kontakt, att komma in och g\u00e5 bakom och s\u00e4tta sig p\u00e5 v\u00e4nster sida, samt kontakt med backning s\u00e5 hunden f\u00f6ljer med &#8211; n\u00e4sta steg d\u00e4r \u00e4r att man sj\u00e4lv v\u00e4nder sig \u00e5t h\u00f6ger och d\u00e4rmed automatiskt f\u00e5r hunden p\u00e5 sin v\u00e4nstra sida. I heml\u00e4xa har vi ut\u00f6ver dessa moment \u00e4ven att tr\u00e4na p\u00e5 target.<\/p>\n<p>Det gick riktigt bra att tr\u00e4na efter den inledande stundens iver \u00f6ver andra hundar, f\u00f6rutom de sista fem minuterna n\u00e4r han verkligen hade f\u00e5tt nog och var tr\u00f6tt. Sen sov han som en stock i bilen och hemma.<\/p>\n<p>Ig\u00e5r innan p\u00e5 dagen tr\u00e4ffade han dessutom storpudeln Freja, 5 \u00e5r, som mycket lugnt och stoiskt stod ut med Kaspers ivriga p\u00e5hopp. Det var knappt han n\u00e5dde upp till hennes rygg st\u00e5endes p\u00e5 bakbenen. S\u00e5 nu har vi massor av hunderfarenheter att bygga vidare p\u00e5.<\/p>\n","protected":false},"excerpt":{"rendered":"<p>\u00c4nda sedan i fredags har jag nu sovit uppe och det har g\u00e5tt bra. Vid n\u00e5got tillf\u00e4lle har han gn\u00e4llt. D\u00e5 har jag g\u00e5tt ned och tagit ut honom, sedan lagt honom i sin b\u00e4dd igen och g\u00e5tt upp och lagt mig. Str\u00e5lande! Hoppas det forts\u00e4tter s\u00e5. S\u00e4ngen st\u00e5r kvar fortfarande, utifall att, men vi [&hellip;]<\/p>\n","protected":false},"author":1,"featured_media":0,"comment_status":"open","ping_status":"open","sticky":false,"template":"","format":"standard","meta":[],"categories":[61],"tags":[],"_links":{"self":[{"href":"http:\/\/www.heljesten.nu\/index.php?rest_route=\/wp\/v2\/posts\/1340"}],"collection":[{"href":"http:\/\/www.heljesten.nu\/index.php?rest_route=\/wp\/v2\/posts"}],"about":[{"href":"http:\/\/www.heljesten.nu\/index.php?rest_route=\/wp\/v2\/types\/post"}],"author":[{"embeddable":true,"href":"http:\/\/www.heljesten.nu\/index.php?rest_route=\/wp\/v2\/users\/1"}],"replies":[{"embeddable":true,"href":"http:\/\/www.heljesten.nu\/index.php?rest_route=%2Fwp%2Fv2%2Fcomments&post=1340"}],"version-history":[{"count":0,"href":"http:\/\/www.heljesten.nu\/index.php?rest_route=\/wp\/v2\/posts\/1340\/revisions"}],"wp:attachment":[{"href":"http:\/\/www.heljesten.nu\/index.php?rest_route=%2Fwp%2Fv2%2Fmedia&parent=1340"}],"wp:term":[{"taxonomy":"category","embeddable":true,"href":"http:\/\/www.heljesten.nu\/index.php?rest_route=%2Fwp%2Fv2%2Fcategories&post=1340"},{"taxonomy":"post_tag","embeddable":true,"href":"http:\/\/www.heljesten.nu\/index.php?rest_route=%2Fwp%2Fv2%2Ftags&post=1340"}],"curies":[{"name":"wp","href":"https:\/\/api.w.org\/{rel}","templated":true}]}}