{"id":1308,"date":"2008-01-15T09:16:00","date_gmt":"2008-01-15T08:16:00","guid":{"rendered":"http:\/\/www.heljesten.nu\/?p=1308"},"modified":"2008-01-15T09:16:00","modified_gmt":"2008-01-15T08:16:00","slug":"kasper-hittar-stora-kompisar","status":"publish","type":"post","link":"http:\/\/www.heljesten.nu\/?p=1308","title":{"rendered":"Kasper hittar stora kompisar"},"content":{"rendered":"<p>I s\u00f6ndags var vi ute och cachade. Hamnade i en brant och hal backe med berg i dagen invid en stor gammal ek. Jag hade fullt upp med att ta mig uppf\u00f6r denna klippa och best\u00e4mde mig f\u00f6r att sl\u00e4ppa Kasper f\u00f6r att f\u00e5 b\u00e5da h\u00e4nderna fria och kunna koncentrera mig p\u00e5 uppgiften utan att drabbas av ett koppelryck mitt i en k\u00e4nslig passage. Hunden f\u00f6rsvann upp\u00e5t, betydligt smidigare \u00e4n matte.<br \/>Jag hittade cachen och b\u00f6rjade logga. Husse stod p\u00e5 grusv\u00e4gen nedanf\u00f6r och undrade vart Kasper tagit v\u00e4gen. Vi b\u00f6rjade ropa och vissla. Ingen reaktion. Normalt kommer Kasper tillbaka s\u00e5 snart han m\u00e4rker att vi inte h\u00e4nger med. Det har vi tr\u00e4nat sen valpben genom att g\u00f6mma oss bakom buskar och stenar.<br \/>Jag fixade klart det jag skulle och precis n\u00e4r jag var klar n\u00e5gon minut senare kommer Kasper nerskuttandes fr\u00e5n busksn\u00e5ren. Jag klappade om honom, men n\u00e5got godis blev det inte.<br \/>Just d\u00e5 kommer en kvinna med en vorsteh (tror jag) g\u00e5ende och jag kopplar Kasper. Hon b\u00f6rjar prata med husse.<br \/>&#8211; Var det er hund som jagade tv\u00e5 r\u00e5djur d\u00e4rborta? Det var en liten hund. R\u00e5djuren hoppade \u00f6ver en bred b\u00e4ck, och hunden ville hoppa efter, men kunde inte.<br \/>D\u00e4r ser man. H\u00e4r var jag glad att Kasper kommit tillbaka, lydigt, om \u00e4n lite sent. Nu fick vi en helt annan version av h\u00e4ndelsen. Gulp! R\u00e5djursjakt (eller annat vilt) vill vi absolut inte att han ska h\u00e5lla p\u00e5 med. Vi kanske f\u00e5r ompr\u00f6va att ha honom l\u00f6s i skogen, men det \u00e4r ju det absolut roligaste och trevligaste vi g\u00f6r, tycker b\u00e5de han och vi: lufsa omkring i terr\u00e4ngen med honom skuttandes runt benen och en liten bit bort, s\u00e4tta oss och fika n\u00e5nstans och njuta av sol och friska dofter, plocka svamp eller b\u00e4r eller ta en cache.<br \/>Nu s\u00e4tter vi v\u00e5rt hopp till kursen hos Eva Sognevik som vi ska b\u00f6rja p\u00e5 den 6 februari. Hoppas att hon kan ge r\u00e5d om s\u00e5nt vi har missat n\u00e4r det g\u00e4ller kontakt och inkallning.<br \/>Och vilken j\u00e4kla tur att b\u00e4ckdiket fanns.<\/p>\n","protected":false},"excerpt":{"rendered":"<p>I s\u00f6ndags var vi ute och cachade. Hamnade i en brant och hal backe med berg i dagen invid en stor gammal ek. Jag hade fullt upp med att ta mig uppf\u00f6r denna klippa och best\u00e4mde mig f\u00f6r att sl\u00e4ppa Kasper f\u00f6r att f\u00e5 b\u00e5da h\u00e4nderna fria och kunna koncentrera mig p\u00e5 uppgiften utan att [&hellip;]<\/p>\n","protected":false},"author":1,"featured_media":0,"comment_status":"open","ping_status":"open","sticky":false,"template":"","format":"standard","meta":[],"categories":[10],"tags":[],"_links":{"self":[{"href":"http:\/\/www.heljesten.nu\/index.php?rest_route=\/wp\/v2\/posts\/1308"}],"collection":[{"href":"http:\/\/www.heljesten.nu\/index.php?rest_route=\/wp\/v2\/posts"}],"about":[{"href":"http:\/\/www.heljesten.nu\/index.php?rest_route=\/wp\/v2\/types\/post"}],"author":[{"embeddable":true,"href":"http:\/\/www.heljesten.nu\/index.php?rest_route=\/wp\/v2\/users\/1"}],"replies":[{"embeddable":true,"href":"http:\/\/www.heljesten.nu\/index.php?rest_route=%2Fwp%2Fv2%2Fcomments&post=1308"}],"version-history":[{"count":0,"href":"http:\/\/www.heljesten.nu\/index.php?rest_route=\/wp\/v2\/posts\/1308\/revisions"}],"wp:attachment":[{"href":"http:\/\/www.heljesten.nu\/index.php?rest_route=%2Fwp%2Fv2%2Fmedia&parent=1308"}],"wp:term":[{"taxonomy":"category","embeddable":true,"href":"http:\/\/www.heljesten.nu\/index.php?rest_route=%2Fwp%2Fv2%2Fcategories&post=1308"},{"taxonomy":"post_tag","embeddable":true,"href":"http:\/\/www.heljesten.nu\/index.php?rest_route=%2Fwp%2Fv2%2Ftags&post=1308"}],"curies":[{"name":"wp","href":"https:\/\/api.w.org\/{rel}","templated":true}]}}