{"id":1305,"date":"2008-01-20T18:01:00","date_gmt":"2008-01-20T17:01:00","guid":{"rendered":"http:\/\/www.heljesten.nu\/?p=1305"},"modified":"2008-01-20T18:01:00","modified_gmt":"2008-01-20T17:01:00","slug":"kasper-star-fint-och-busar-pa-brygga","status":"publish","type":"post","link":"http:\/\/www.heljesten.nu\/?p=1305","title":{"rendered":"Kasper st\u00e5r fint och busar p\u00e5 brygga"},"content":{"rendered":"<div>\n<div>\n<div><a href=\"http:\/\/2.bp.blogspot.com\/_GkK1i6dbjdc\/R5N_B_xdUWI\/AAAAAAAAAJo\/3tXj8D8qrAc\/s1600-h\/080120_helfigur_sidan.jpg\"><img decoding=\"async\" id=\"BLOGGER_PHOTO_ID_5157605670544822626\" style=\"CURSOR: hand\" alt=\"\" src=\"http:\/\/2.bp.blogspot.com\/_GkK1i6dbjdc\/R5N_B_xdUWI\/AAAAAAAAAJo\/3tXj8D8qrAc\/s320\/080120_helfigur_sidan.jpg\" border=\"0\" \/><\/a><\/p>\n<div>Vi f\u00f6rs\u00f6kte f\u00e5 Kasper att st\u00e5 lite fint p\u00e5 beg\u00e4ran. Lite sv\u00e5rt med ljus och koncentration, s\u00e5 den h\u00e4r var den b\u00e4sta vi fick till. Normalt f\u00e5r jag ju inte st\u00e5 p\u00e5 bordet, s\u00e5 varf\u00f6r nu?<\/div>\n<p><a href=\"http:\/\/1.bp.blogspot.com\/_GkK1i6dbjdc\/R5N_jvxdUXI\/AAAAAAAAAJw\/6I3zkioGuyg\/s1600-h\/080120_issjoen.jpg\"><img decoding=\"async\" id=\"BLOGGER_PHOTO_ID_5157606250365407602\" style=\"CURSOR: hand\" alt=\"\" src=\"http:\/\/1.bp.blogspot.com\/_GkK1i6dbjdc\/R5N_jvxdUXI\/AAAAAAAAAJw\/6I3zkioGuyg\/s320\/080120_issjoen.jpg\" border=\"0\" \/><\/a><a href=\"http:\/\/3.bp.blogspot.com\/_GkK1i6dbjdc\/R5N_qPxdUYI\/AAAAAAAAAJ4\/pbyV5aU74Fc\/s1600-h\/080120_kasper_sara_brygga.jpg\"><img decoding=\"async\" id=\"BLOGGER_PHOTO_ID_5157606362034557314\" style=\"CURSOR: hand\" alt=\"\" src=\"http:\/\/3.bp.blogspot.com\/_GkK1i6dbjdc\/R5N_qPxdUYI\/AAAAAAAAAJ4\/pbyV5aU74Fc\/s320\/080120_kasper_sara_brygga.jpg\" border=\"0\" \/><\/a><a href=\"http:\/\/2.bp.blogspot.com\/_GkK1i6dbjdc\/R5N_v_xdUZI\/AAAAAAAAAKA\/VvW-MdXM1Uk\/s1600-h\/080120_nyfiken_bryggan.jpg\"><img decoding=\"async\" id=\"BLOGGER_PHOTO_ID_5157606460818805138\" style=\"CURSOR: hand\" alt=\"\" src=\"http:\/\/2.bp.blogspot.com\/_GkK1i6dbjdc\/R5N_v_xdUZI\/AAAAAAAAAKA\/VvW-MdXM1Uk\/s320\/080120_nyfiken_bryggan.jpg\" border=\"0\" \/><\/a><br \/>Lite bilder fr\u00e5n dagens soliga sj\u00f6vandring. Kanonfin dag, tyckte vi alla.<\/p>\n<div><\/div>\n<\/div>\n<\/div>\n<\/div>\n","protected":false},"excerpt":{"rendered":"<p>Vi f\u00f6rs\u00f6kte f\u00e5 Kasper att st\u00e5 lite fint p\u00e5 beg\u00e4ran. Lite sv\u00e5rt med ljus och koncentration, s\u00e5 den h\u00e4r var den b\u00e4sta vi fick till. Normalt f\u00e5r jag ju inte st\u00e5 p\u00e5 bordet, s\u00e5 varf\u00f6r nu? Lite bilder fr\u00e5n dagens soliga sj\u00f6vandring. Kanonfin dag, tyckte vi alla.<\/p>\n","protected":false},"author":1,"featured_media":0,"comment_status":"open","ping_status":"open","sticky":false,"template":"","format":"standard","meta":[],"categories":[10],"tags":[],"_links":{"self":[{"href":"http:\/\/www.heljesten.nu\/index.php?rest_route=\/wp\/v2\/posts\/1305"}],"collection":[{"href":"http:\/\/www.heljesten.nu\/index.php?rest_route=\/wp\/v2\/posts"}],"about":[{"href":"http:\/\/www.heljesten.nu\/index.php?rest_route=\/wp\/v2\/types\/post"}],"author":[{"embeddable":true,"href":"http:\/\/www.heljesten.nu\/index.php?rest_route=\/wp\/v2\/users\/1"}],"replies":[{"embeddable":true,"href":"http:\/\/www.heljesten.nu\/index.php?rest_route=%2Fwp%2Fv2%2Fcomments&post=1305"}],"version-history":[{"count":0,"href":"http:\/\/www.heljesten.nu\/index.php?rest_route=\/wp\/v2\/posts\/1305\/revisions"}],"wp:attachment":[{"href":"http:\/\/www.heljesten.nu\/index.php?rest_route=%2Fwp%2Fv2%2Fmedia&parent=1305"}],"wp:term":[{"taxonomy":"category","embeddable":true,"href":"http:\/\/www.heljesten.nu\/index.php?rest_route=%2Fwp%2Fv2%2Fcategories&post=1305"},{"taxonomy":"post_tag","embeddable":true,"href":"http:\/\/www.heljesten.nu\/index.php?rest_route=%2Fwp%2Fv2%2Ftags&post=1305"}],"curies":[{"name":"wp","href":"https:\/\/api.w.org\/{rel}","templated":true}]}}