{"id":1286,"date":"2008-03-05T10:46:00","date_gmt":"2008-03-05T09:46:00","guid":{"rendered":"http:\/\/www.heljesten.nu\/?p=1286"},"modified":"2008-03-05T10:46:00","modified_gmt":"2008-03-05T09:46:00","slug":"fortsattningskursen-hos-cattlin-har-startat","status":"publish","type":"post","link":"http:\/\/www.heljesten.nu\/?p=1286","title":{"rendered":"Forts\u00e4ttningskursen hos Cattlin har startat"},"content":{"rendered":"<p>Ig\u00e5r var vi d\u00e5 p\u00e5 f\u00f6rsta kurstillf\u00e4llet p\u00e5 forts\u00e4ttningskursen hos Cattlin. Vi kom iv\u00e4g lite senare \u00e4n t\u00e4nkt och anl\u00e4nde fem minuter f\u00f6rsenade. Inte bra, f\u00f6r Kasper blev som tokig p\u00e5 denna v\u00e4lluktande g\u00e5rdsplan. Undrar om han minns den fr\u00e5n i h\u00f6stas?<br \/>Vi har ju varit p\u00e5 andra intressanta gr\u00e4smattor sedan dess, p\u00e5 brukshundklubben och hemma hos Eva i Fr\u00f6sunda d\u00e4r det b\u00e5de finns massor av hundar, och \u00e4ven f\u00e5r och h\u00e4star. Men det verkar som om inget kan sl\u00e5 Cattlins g\u00e5rdsplan.<br \/>Suck. Halva lektionen gick \u00e5t att \u00f6verhuvud taget f\u00f6rs\u00f6ka f\u00e5 kontakt med honom. Hall\u00e5, befinner vi oss p\u00e5 samma planet?<br \/>Andra halvan gick, \u00e5tminstone stundvis, lite b\u00e4ttre. Vi b\u00f6rjade tr\u00e4na backa (vilket vi redan tr\u00e4nat inne i k\u00f6ket, som tur var), backa och stanna och sedan embryot till v\u00e4nstersv\u00e4ng d\u00e4r hunden ska backa n\u00e5got steg samtidigt som den vrider sig \u00e5t v\u00e4nster. Tanken \u00e4r ju att ge plats \u00e5t f\u00f6raren att v\u00e4nda om \u00e5t v\u00e4nster. Kasper beter sig p\u00e5 allehanda s\u00e4tt i denna \u00f6vning, men allt som \u00e4r en liten antydan \u00e5t r\u00e4tt h\u00e5ll klickar jag och bel\u00f6nar. Vi f\u00e5r traggla detta b\u00e5de inne och ute den h\u00e4r veckan s\u00e5 f\u00e5r vi se hur det utvecklas.<br \/>N\u00e5got som var kul var att Hedda var med, en annan g\u00e5rdshund fr\u00e5n samma kull som Morran (fr\u00e5n Navarras kennel som vi bes\u00f6kte i somras). Hedda \u00e4r nu 14 m\u00e5nader, klart mindre \u00e4n Kasper. Hon var lugnare men v\u00e4grade s\u00e4tta sig &#8211; f\u00f6r kallt med lite sn\u00f6 p\u00e5 gr\u00e4smattan. Typiskt g\u00e5rdshundsbeteende med andra ord.<br \/>\u00d6vriga hundar p\u00e5 kursen var en tax, en m\u00e4rkligt klippt hund som i m\u00f6rkret s\u00e5g ut som lejonklippt pudel framtill fast med retrieversvans &#8211; finns s\u00e5na konstiga hundar? Sen var det n\u00e5n st\u00f6rre hund, kanske en flatcoated retriever och eventuellt n\u00e5gon mer. Var s\u00e5 upptagen med Kasper att jag inte hann kolla s\u00e5 noga.<br \/>N\u00e4sta g\u00e5ng m\u00e5ste vi vara d\u00e4r minst en kvart innan s\u00e5 han hinner nosa av planen lite. Det k\u00e4ndes precis som vi var tillbaka p\u00e5 Steg 1-kursen. Undrar om det blir lika kaotiskt p\u00e5 m\u00e5ndag p\u00e5 brukshundsklubben? D\u00e4r ska vi ju starta med att ha hundarna i bilarna, s\u00e5 d\u00e4r blir det ingen g\u00e5-och-lukta-i-f\u00f6rv\u00e4g-chans. En sak \u00e4r s\u00e4ker &#8211; det \u00e4r den h\u00e4r typen av tr\u00e4ning han beh\u00f6ver en masse, f\u00f6r hemma beter han sig ju p\u00e5 ett helt annat, mycket lugnare, s\u00e4tt.<\/p>\n","protected":false},"excerpt":{"rendered":"<p>Ig\u00e5r var vi d\u00e5 p\u00e5 f\u00f6rsta kurstillf\u00e4llet p\u00e5 forts\u00e4ttningskursen hos Cattlin. Vi kom iv\u00e4g lite senare \u00e4n t\u00e4nkt och anl\u00e4nde fem minuter f\u00f6rsenade. Inte bra, f\u00f6r Kasper blev som tokig p\u00e5 denna v\u00e4lluktande g\u00e5rdsplan. Undrar om han minns den fr\u00e5n i h\u00f6stas?Vi har ju varit p\u00e5 andra intressanta gr\u00e4smattor sedan dess, p\u00e5 brukshundklubben och hemma [&hellip;]<\/p>\n","protected":false},"author":1,"featured_media":0,"comment_status":"open","ping_status":"open","sticky":false,"template":"","format":"standard","meta":[],"categories":[10,61,169],"tags":[],"_links":{"self":[{"href":"http:\/\/www.heljesten.nu\/index.php?rest_route=\/wp\/v2\/posts\/1286"}],"collection":[{"href":"http:\/\/www.heljesten.nu\/index.php?rest_route=\/wp\/v2\/posts"}],"about":[{"href":"http:\/\/www.heljesten.nu\/index.php?rest_route=\/wp\/v2\/types\/post"}],"author":[{"embeddable":true,"href":"http:\/\/www.heljesten.nu\/index.php?rest_route=\/wp\/v2\/users\/1"}],"replies":[{"embeddable":true,"href":"http:\/\/www.heljesten.nu\/index.php?rest_route=%2Fwp%2Fv2%2Fcomments&post=1286"}],"version-history":[{"count":0,"href":"http:\/\/www.heljesten.nu\/index.php?rest_route=\/wp\/v2\/posts\/1286\/revisions"}],"wp:attachment":[{"href":"http:\/\/www.heljesten.nu\/index.php?rest_route=%2Fwp%2Fv2%2Fmedia&parent=1286"}],"wp:term":[{"taxonomy":"category","embeddable":true,"href":"http:\/\/www.heljesten.nu\/index.php?rest_route=%2Fwp%2Fv2%2Fcategories&post=1286"},{"taxonomy":"post_tag","embeddable":true,"href":"http:\/\/www.heljesten.nu\/index.php?rest_route=%2Fwp%2Fv2%2Ftags&post=1286"}],"curies":[{"name":"wp","href":"https:\/\/api.w.org\/{rel}","templated":true}]}}